{"id":9643,"date":"2017-06-23T20:41:15","date_gmt":"2017-06-23T23:41:15","guid":{"rendered":"http:\/\/www.portalmantena.com.br\/novo\/?p=9643"},"modified":"2017-06-23T16:45:41","modified_gmt":"2017-06-23T19:45:41","slug":"liberacao-ambiental-trava-obras-em-rodovias-de-minas-gerais","status":"publish","type":"post","link":"http:\/\/www.portalmantena.com.br\/novo\/?p=9643","title":{"rendered":"Libera\u00e7\u00e3o ambiental trava obras em rodovias de Minas Gerais"},"content":{"rendered":"<p style=\"line-height: 13.5pt; background: white; margin: 0cm 0cm 7.5pt 0cm;\"><span style=\"font-size: 14pt; font-family: Helvetica, sans-serif; color: #333333; background: white;\">Um montante de R$ 400 milh\u00f5es destinado a duas das principais obras vi\u00e1rias para Minas Gerais corre o risco de n\u00e3o ser usado por entraves ambientais. <\/span><\/p>\n<p style=\"line-height: 13.5pt; background: white; margin: 0cm 0cm 7.5pt 0cm;\">\n<p style=\"line-height: 13.5pt; background: white; margin: 0cm 0cm 7.5pt 0cm;\"><span style=\"font-size: 14pt; font-family: Helvetica, sans-serif; color: #333333; background: white;\">A duplica\u00e7\u00e3o da BR-381 entre Belo Horizonte e Governador Valadares tem dispon\u00edvel R$ 340 milh\u00f5es no or\u00e7amento de 2017 mas aguarda decis\u00f5es das Superintend\u00eancias Regionais de Meio Ambiente (Suprams) sobre a instala\u00e7\u00e3o de duas usinas que ser\u00e3o usadas para concretagem das novas pistas. <\/span><\/p>\n<p style=\"line-height: 13.5pt; background: white; margin: 0cm 0cm 7.5pt 0cm;\">\n<p style=\"line-height: 13.5pt; background: white; margin: 0cm 0cm 7.5pt 0cm;\"><span style=\"font-size: 14pt; font-family: Helvetica, sans-serif; color: #333333; background: white;\">J\u00e1 a pavimenta\u00e7\u00e3o da BR-367 no Vale do Jequitinhonha que recebeu dota\u00e7\u00e3o or\u00e7ament\u00e1ria de R$ 60 milh\u00f5es depende da libera\u00e7\u00e3o do plano de controle ambiental e de estudos de espeleologia (an\u00e1lise sobre grutas e cavernas pr\u00f3ximas \u00e0 rodovia) para come\u00e7ar a sair do papel.<\/span><\/p>\n","protected":false},"excerpt":{"rendered":"<p>Um montante de R$ 400 milh\u00f5es destinado a duas das principais obras vi\u00e1rias para Minas Gerais corre o risco de n\u00e3o ser usado por entraves ambientais. A duplica\u00e7\u00e3o da BR-381 entre Belo Horizonte e Governador Valadares tem dispon\u00edvel R$ 340 milh\u00f5es no or\u00e7amento de 2017 mas aguarda decis\u00f5es das Superintend\u00eancias Regionais de Meio Ambiente (Suprams) [&hellip;]<\/p>\n","protected":false},"author":1,"featured_media":0,"comment_status":"open","ping_status":"open","sticky":false,"template":"","format":"standard","meta":[],"categories":[24],"tags":[],"_links":{"self":[{"href":"http:\/\/www.portalmantena.com.br\/novo\/index.php?rest_route=\/wp\/v2\/posts\/9643"}],"collection":[{"href":"http:\/\/www.portalmantena.com.br\/novo\/index.php?rest_route=\/wp\/v2\/posts"}],"about":[{"href":"http:\/\/www.portalmantena.com.br\/novo\/index.php?rest_route=\/wp\/v2\/types\/post"}],"author":[{"embeddable":true,"href":"http:\/\/www.portalmantena.com.br\/novo\/index.php?rest_route=\/wp\/v2\/users\/1"}],"replies":[{"embeddable":true,"href":"http:\/\/www.portalmantena.com.br\/novo\/index.php?rest_route=%2Fwp%2Fv2%2Fcomments&post=9643"}],"version-history":[{"count":1,"href":"http:\/\/www.portalmantena.com.br\/novo\/index.php?rest_route=\/wp\/v2\/posts\/9643\/revisions"}],"predecessor-version":[{"id":9644,"href":"http:\/\/www.portalmantena.com.br\/novo\/index.php?rest_route=\/wp\/v2\/posts\/9643\/revisions\/9644"}],"wp:attachment":[{"href":"http:\/\/www.portalmantena.com.br\/novo\/index.php?rest_route=%2Fwp%2Fv2%2Fmedia&parent=9643"}],"wp:term":[{"taxonomy":"category","embeddable":true,"href":"http:\/\/www.portalmantena.com.br\/novo\/index.php?rest_route=%2Fwp%2Fv2%2Fcategories&post=9643"},{"taxonomy":"post_tag","embeddable":true,"href":"http:\/\/www.portalmantena.com.br\/novo\/index.php?rest_route=%2Fwp%2Fv2%2Ftags&post=9643"}],"curies":[{"name":"wp","href":"https:\/\/api.w.org\/{rel}","templated":true}]}}