{"id":9428,"date":"2017-06-21T10:06:56","date_gmt":"2017-06-21T13:06:56","guid":{"rendered":"http:\/\/www.portalmantena.com.br\/novo\/?p=9428"},"modified":"2017-06-21T10:06:56","modified_gmt":"2017-06-21T13:06:56","slug":"gestor-municipal-reune-imprensa-para-agradecer-o-sucesso-da-1a-festa-do-peao-motociclista","status":"publish","type":"post","link":"http:\/\/www.portalmantena.com.br\/novo\/?p=9428","title":{"rendered":"Gestor municipal re\u00fane imprensa para agradecer o sucesso da 1\u00aa Festa do Pe\u00e3o Motociclista"},"content":{"rendered":"<p><a href=\"http:\/\/www.portalmantena.com.br\/novo\/wp-content\/uploads\/2017\/06\/no210617imprensa1.jpg\"><img loading=\"lazy\" class=\"alignnone size-full wp-image-9429\" src=\"http:\/\/www.portalmantena.com.br\/novo\/wp-content\/uploads\/2017\/06\/no210617imprensa1.jpg\" alt=\"\" width=\"700\" height=\"450\" srcset=\"http:\/\/www.portalmantena.com.br\/novo\/wp-content\/uploads\/2017\/06\/no210617imprensa1.jpg 700w, http:\/\/www.portalmantena.com.br\/novo\/wp-content\/uploads\/2017\/06\/no210617imprensa1-300x193.jpg 300w, http:\/\/www.portalmantena.com.br\/novo\/wp-content\/uploads\/2017\/06\/no210617imprensa1-696x447.jpg 696w, http:\/\/www.portalmantena.com.br\/novo\/wp-content\/uploads\/2017\/06\/no210617imprensa1-653x420.jpg 653w\" sizes=\"(max-width: 700px) 100vw, 700px\" \/><\/a><\/p>\n<p><span style=\"font-size: 14pt;\">Em um momento todo especial de gratid\u00e3o, al\u00e9m de buscar parcerias, o gestor do munic\u00edpio de Mantena o prefeito Jo\u00e3o Rufino, reuniu boa parte da imprensa local em seu gabinete na manh\u00e3 desta ter\u00e7a-feira dia 20 de Junho com o objetivo de agradecer a publicidade e o apoio na cobertura deste grande evento realizado na cidade na segunda semana do m\u00eas de Junho, por ocasi\u00e3o da 1\u00aa Festa do Pe\u00e3o Motociclista, e tamb\u00e9m da comemora\u00e7\u00e3o dos 74 anos de Mantena. <\/span><\/p>\n<p><span style=\"font-size: 14pt;\">Para esta coletiva com a imprensa foram convidados v\u00e1rios meios de comunica\u00e7\u00e3o que abrangem o notici\u00e1rio local e regional como TV, r\u00e1dios, revista, jornal impresso e internet. <\/span><\/p>\n<p><span style=\"font-size: 14pt;\">O prefeito municipal iniciou suas palavras agradecendo o empenho de todos mesmo antes da festa iniciar, divulgando toda a programa\u00e7\u00e3o do evento que foi sem d\u00favida um sucesso. <\/span><\/p>\n<p><span style=\"font-size: 14pt;\">Mencionou a import\u00e2ncia da imprensa neste sucesso, e principalmente enfatizou que os resultados positivos est\u00e3o sendo compartilhados por todos. <\/span><\/p>\n<p><span style=\"font-size: 14pt;\">Agradeceu imensamente sua equipe de trabalho, as diversas secretarias com seus servidores que se empenharam e pediu para que esta mobiliza\u00e7\u00e3o em torno da busca de dias melhores para o munic\u00edpio continuem. Anunciou tamb\u00e9m que a intens\u00e3o \u00e9 realizar outros eventos deste porte, e que para isso conta com o apoio n\u00e3o apenas dos empres\u00e1rios que foram fundamentais nesta realiza\u00e7\u00e3o, mas tamb\u00e9m da popula\u00e7\u00e3o mantenense que tem sido uma parceira, prestigiando e apoiando a gest\u00e3o p\u00fablica. <\/span><\/p>\n<p><span style=\"font-size: 14pt;\">Emocionado, o prefeito municipal informou que vem se empenhando ao m\u00e1ximo nestes primeiros seis meses de governo e que continuar\u00e1 se dedicando a melhorar a vida dos mantenenses, anunciou melhorias na estrutura de escolas e de postos de sa\u00fade e ir\u00e1 buscar recursos para que o munic\u00edpio de Mantena avance rumo ao desenvolvimento. <\/span><\/p>\n<p><span style=\"font-size: 14pt;\">O prefeito ouviu tamb\u00e9m o posicionamento dos jornalistas presentes e respondeu v\u00e1rios questionamentos. <\/span><\/p>\n<p><span style=\"font-size: 14pt;\">Ao final, os representantes da imprensa acompanharam o prefeito municipal em um caf\u00e9, um momento de descontra\u00e7\u00e3o e in\u00e9dito no munic\u00edpio para este seguimento.<\/span><\/p>\n<p><a href=\"http:\/\/www.portalmantena.com.br\/novo\/wp-content\/uploads\/2017\/06\/no210617imprensa2.jpg\"><img loading=\"lazy\" class=\"alignnone size-full wp-image-9430\" src=\"http:\/\/www.portalmantena.com.br\/novo\/wp-content\/uploads\/2017\/06\/no210617imprensa2.jpg\" alt=\"\" width=\"700\" height=\"450\" srcset=\"http:\/\/www.portalmantena.com.br\/novo\/wp-content\/uploads\/2017\/06\/no210617imprensa2.jpg 700w, http:\/\/www.portalmantena.com.br\/novo\/wp-content\/uploads\/2017\/06\/no210617imprensa2-300x193.jpg 300w, http:\/\/www.portalmantena.com.br\/novo\/wp-content\/uploads\/2017\/06\/no210617imprensa2-696x447.jpg 696w, http:\/\/www.portalmantena.com.br\/novo\/wp-content\/uploads\/2017\/06\/no210617imprensa2-653x420.jpg 653w\" sizes=\"(max-width: 700px) 100vw, 700px\" \/><\/a> <a href=\"http:\/\/www.portalmantena.com.br\/novo\/wp-content\/uploads\/2017\/06\/no210617imprensa3.jpg\"><img loading=\"lazy\" class=\"alignnone size-full wp-image-9431\" src=\"http:\/\/www.portalmantena.com.br\/novo\/wp-content\/uploads\/2017\/06\/no210617imprensa3.jpg\" alt=\"\" width=\"700\" height=\"450\" srcset=\"http:\/\/www.portalmantena.com.br\/novo\/wp-content\/uploads\/2017\/06\/no210617imprensa3.jpg 700w, http:\/\/www.portalmantena.com.br\/novo\/wp-content\/uploads\/2017\/06\/no210617imprensa3-300x193.jpg 300w, http:\/\/www.portalmantena.com.br\/novo\/wp-content\/uploads\/2017\/06\/no210617imprensa3-696x447.jpg 696w, http:\/\/www.portalmantena.com.br\/novo\/wp-content\/uploads\/2017\/06\/no210617imprensa3-653x420.jpg 653w\" sizes=\"(max-width: 700px) 100vw, 700px\" \/><\/a> <a href=\"http:\/\/www.portalmantena.com.br\/novo\/wp-content\/uploads\/2017\/06\/no210617imprensa4.jpg\"><img loading=\"lazy\" class=\"alignnone size-full wp-image-9432\" src=\"http:\/\/www.portalmantena.com.br\/novo\/wp-content\/uploads\/2017\/06\/no210617imprensa4.jpg\" alt=\"\" width=\"700\" height=\"450\" srcset=\"http:\/\/www.portalmantena.com.br\/novo\/wp-content\/uploads\/2017\/06\/no210617imprensa4.jpg 700w, http:\/\/www.portalmantena.com.br\/novo\/wp-content\/uploads\/2017\/06\/no210617imprensa4-300x193.jpg 300w, http:\/\/www.portalmantena.com.br\/novo\/wp-content\/uploads\/2017\/06\/no210617imprensa4-696x447.jpg 696w, http:\/\/www.portalmantena.com.br\/novo\/wp-content\/uploads\/2017\/06\/no210617imprensa4-653x420.jpg 653w\" sizes=\"(max-width: 700px) 100vw, 700px\" \/><\/a><\/p>\n","protected":false},"excerpt":{"rendered":"<p>Em um momento todo especial de gratid\u00e3o, al\u00e9m de buscar parcerias, o gestor do munic\u00edpio de Mantena o prefeito Jo\u00e3o Rufino, reuniu boa parte da imprensa local em seu gabinete na manh\u00e3 desta ter\u00e7a-feira dia 20 de Junho com o objetivo de agradecer a publicidade e o apoio na cobertura deste grande evento realizado na [&hellip;]<\/p>\n","protected":false},"author":1,"featured_media":9430,"comment_status":"open","ping_status":"open","sticky":false,"template":"","format":"standard","meta":[],"categories":[36,11],"tags":[],"_links":{"self":[{"href":"http:\/\/www.portalmantena.com.br\/novo\/index.php?rest_route=\/wp\/v2\/posts\/9428"}],"collection":[{"href":"http:\/\/www.portalmantena.com.br\/novo\/index.php?rest_route=\/wp\/v2\/posts"}],"about":[{"href":"http:\/\/www.portalmantena.com.br\/novo\/index.php?rest_route=\/wp\/v2\/types\/post"}],"author":[{"embeddable":true,"href":"http:\/\/www.portalmantena.com.br\/novo\/index.php?rest_route=\/wp\/v2\/users\/1"}],"replies":[{"embeddable":true,"href":"http:\/\/www.portalmantena.com.br\/novo\/index.php?rest_route=%2Fwp%2Fv2%2Fcomments&post=9428"}],"version-history":[{"count":1,"href":"http:\/\/www.portalmantena.com.br\/novo\/index.php?rest_route=\/wp\/v2\/posts\/9428\/revisions"}],"predecessor-version":[{"id":9433,"href":"http:\/\/www.portalmantena.com.br\/novo\/index.php?rest_route=\/wp\/v2\/posts\/9428\/revisions\/9433"}],"wp:featuredmedia":[{"embeddable":true,"href":"http:\/\/www.portalmantena.com.br\/novo\/index.php?rest_route=\/wp\/v2\/media\/9430"}],"wp:attachment":[{"href":"http:\/\/www.portalmantena.com.br\/novo\/index.php?rest_route=%2Fwp%2Fv2%2Fmedia&parent=9428"}],"wp:term":[{"taxonomy":"category","embeddable":true,"href":"http:\/\/www.portalmantena.com.br\/novo\/index.php?rest_route=%2Fwp%2Fv2%2Fcategories&post=9428"},{"taxonomy":"post_tag","embeddable":true,"href":"http:\/\/www.portalmantena.com.br\/novo\/index.php?rest_route=%2Fwp%2Fv2%2Ftags&post=9428"}],"curies":[{"name":"wp","href":"https:\/\/api.w.org\/{rel}","templated":true}]}}