{"id":9404,"date":"2017-06-21T06:13:47","date_gmt":"2017-06-21T09:13:47","guid":{"rendered":"http:\/\/www.portalmantena.com.br\/novo\/?p=9404"},"modified":"2017-06-21T14:14:17","modified_gmt":"2017-06-21T17:14:17","slug":"alunos-da-apae-em-mantena-recebendo-aulas-de-educacao-financeira-na-escola-de-autodefensores","status":"publish","type":"post","link":"http:\/\/www.portalmantena.com.br\/novo\/?p=9404","title":{"rendered":"Alunos da APAE em Mantena recebendo aulas de educa\u00e7\u00e3o financeira na escola de Autodefensores"},"content":{"rendered":"<p><a href=\"http:\/\/www.portalmantena.com.br\/novo\/wp-content\/uploads\/2017\/06\/no200617apae1.jpg\"><img loading=\"lazy\" class=\"alignnone size-full wp-image-9405\" src=\"http:\/\/www.portalmantena.com.br\/novo\/wp-content\/uploads\/2017\/06\/no200617apae1.jpg\" alt=\"\" width=\"700\" height=\"450\" srcset=\"http:\/\/www.portalmantena.com.br\/novo\/wp-content\/uploads\/2017\/06\/no200617apae1.jpg 700w, http:\/\/www.portalmantena.com.br\/novo\/wp-content\/uploads\/2017\/06\/no200617apae1-300x193.jpg 300w, http:\/\/www.portalmantena.com.br\/novo\/wp-content\/uploads\/2017\/06\/no200617apae1-696x447.jpg 696w, http:\/\/www.portalmantena.com.br\/novo\/wp-content\/uploads\/2017\/06\/no200617apae1-653x420.jpg 653w\" sizes=\"(max-width: 700px) 100vw, 700px\" \/><\/a><\/p>\n<p style=\"line-height: 19.2pt; background: white; vertical-align: baseline; margin: 0cm 0cm 7.5pt 0cm;\"><span style=\"font-size: 14.0pt; font-family: 'Arial','sans-serif'; color: #555555;\">A Escola de Forma\u00e7\u00e3o de Autodefensores tem como objetivo trabalhar a autogest\u00e3o e a autonomia da Pessoa com defici\u00eancia a fim de prepara-la para o conv\u00edvio e para os desafios do cotidiano. <\/span><\/p>\n<p style=\"line-height: 19.2pt; background: white; vertical-align: baseline; margin: 0cm 0cm 7.5pt 0cm;\"><span style=\"font-size: 14.0pt; font-family: 'Arial','sans-serif'; color: #555555;\">Para isto \u00e9 imprescind\u00edvel trabalhar com a pessoa com defici\u00eancia a educa\u00e7\u00e3o financeira, tendo em vista que estes precisam gerenciar a pr\u00f3pria vida, aprender a fazer escolha, elencar prioridades, reconhecer prioridades e planejar o consumo de maneira inteligente. <\/span><\/p>\n<p style=\"line-height: 19.2pt; background: white; vertical-align: baseline; margin: 0cm 0cm 7.5pt 0cm;\"><span style=\"font-size: 14.0pt; font-family: 'Arial','sans-serif'; color: #555555;\">Al\u00e9m disso, \u00e9 preciso preparar a pessoa com defici\u00eancia para enfrentar os riscos do mundo financeiro como as ciladas de agiotas e empr\u00e9stimos consignados, os perigos de juros abusivos e as propagandas enganosas de promo\u00e7\u00f5es e descontos que muitas vezes s\u00e3o irreais. Tudo isso foi trabalhado de maneira l\u00fadica e pedag\u00f3gica, fazendo com que o grupo tivesse consci\u00eancia de que com planejamento e economia podem garantir uma boa qualidade de vida ainda que sua renda seja limitada. <\/span><\/p>\n<p style=\"line-height: 19.2pt; background: white; vertical-align: baseline; margin: 0cm 0cm 7.5pt 0cm;\"><span style=\"font-size: 14.0pt; font-family: 'Arial','sans-serif'; color: #555555;\">Aprenderam tamb\u00e9m que n\u00e3o precisam abrir m\u00e3o de desejos e sonhos, mas que estes precisam ser planejados a m\u00e9dio e longo prazo e quais s\u00e3o as vantagens de poupar e fazer compras \u00e0 vista em vez de pagar juros nas compras a prazo. Os participantes tiveram como culmin\u00e2ncia do projeto um passeio ao supermercado onde tinham como tarefa principal fazer pesquisa de pre\u00e7os, confrontar os pre\u00e7os mais caros e mais baratos de v\u00e1rios tipos de mercadoria e administrar um pequeno valor em dinheiro, comprando o m\u00e1ximo de itens poss\u00edvel, com o objetivo de testar o conhecimento adquirido durante o projeto. <\/span><\/p>\n<p style=\"line-height: 19.2pt; background: white; vertical-align: baseline; margin: 0cm 0cm 7.5pt 0cm;\"><span style=\"font-size: 14.0pt; font-family: 'Arial','sans-serif'; color: #555555;\">Ao final do projeto de Educa\u00e7\u00e3o Financeira da Escola de Autodefensores, que teve a dura\u00e7\u00e3o total de 04 meses, pode-se perceber o amadurecimento dos participantes no que se refere ao consumo e a economia, fato que p\u00f4de ser comprovado junto a algumas fam\u00edlias que relataram v\u00e1rias mudan\u00e7as de comportamento e de mentalidade dos usu\u00e1rios. <\/span><\/p>\n<p style=\"line-height: 19.2pt; background: white; vertical-align: baseline; margin: 0cm 0cm 7.5pt 0cm;\"><span style=\"font-size: 14.0pt; font-family: 'Arial','sans-serif'; color: #555555;\">Sabemos que a autonomia s\u00f3 pode ser conquistada com o conhecimento, e este conhecimento \u00e9 que poder\u00e1 garantir que as pessoas com defici\u00eancia sejam cada vez mais livres e capazes para fazer escolhas e com responsabilidade e efici\u00eancia.<\/span><\/p>\n<p><a href=\"http:\/\/www.portalmantena.com.br\/novo\/wp-content\/uploads\/2017\/06\/no200617apae2.jpg\"><img loading=\"lazy\" class=\"alignnone size-full wp-image-9406\" src=\"http:\/\/www.portalmantena.com.br\/novo\/wp-content\/uploads\/2017\/06\/no200617apae2.jpg\" alt=\"\" width=\"700\" height=\"450\" srcset=\"http:\/\/www.portalmantena.com.br\/novo\/wp-content\/uploads\/2017\/06\/no200617apae2.jpg 700w, http:\/\/www.portalmantena.com.br\/novo\/wp-content\/uploads\/2017\/06\/no200617apae2-300x193.jpg 300w, http:\/\/www.portalmantena.com.br\/novo\/wp-content\/uploads\/2017\/06\/no200617apae2-696x447.jpg 696w, http:\/\/www.portalmantena.com.br\/novo\/wp-content\/uploads\/2017\/06\/no200617apae2-653x420.jpg 653w\" sizes=\"(max-width: 700px) 100vw, 700px\" \/><\/a> <a href=\"http:\/\/www.portalmantena.com.br\/novo\/wp-content\/uploads\/2017\/06\/no200617apae3.jpg\"><img loading=\"lazy\" class=\"alignnone size-full wp-image-9407\" src=\"http:\/\/www.portalmantena.com.br\/novo\/wp-content\/uploads\/2017\/06\/no200617apae3.jpg\" alt=\"\" width=\"700\" height=\"450\" srcset=\"http:\/\/www.portalmantena.com.br\/novo\/wp-content\/uploads\/2017\/06\/no200617apae3.jpg 700w, http:\/\/www.portalmantena.com.br\/novo\/wp-content\/uploads\/2017\/06\/no200617apae3-300x193.jpg 300w, http:\/\/www.portalmantena.com.br\/novo\/wp-content\/uploads\/2017\/06\/no200617apae3-696x447.jpg 696w, http:\/\/www.portalmantena.com.br\/novo\/wp-content\/uploads\/2017\/06\/no200617apae3-653x420.jpg 653w\" sizes=\"(max-width: 700px) 100vw, 700px\" \/><\/a> <a href=\"http:\/\/www.portalmantena.com.br\/novo\/wp-content\/uploads\/2017\/06\/no200617apae4.jpg\"><img loading=\"lazy\" class=\"alignnone size-full wp-image-9408\" src=\"http:\/\/www.portalmantena.com.br\/novo\/wp-content\/uploads\/2017\/06\/no200617apae4.jpg\" alt=\"\" width=\"700\" height=\"450\" srcset=\"http:\/\/www.portalmantena.com.br\/novo\/wp-content\/uploads\/2017\/06\/no200617apae4.jpg 700w, http:\/\/www.portalmantena.com.br\/novo\/wp-content\/uploads\/2017\/06\/no200617apae4-300x193.jpg 300w, http:\/\/www.portalmantena.com.br\/novo\/wp-content\/uploads\/2017\/06\/no200617apae4-696x447.jpg 696w, http:\/\/www.portalmantena.com.br\/novo\/wp-content\/uploads\/2017\/06\/no200617apae4-653x420.jpg 653w\" sizes=\"(max-width: 700px) 100vw, 700px\" \/><\/a> <a href=\"http:\/\/www.portalmantena.com.br\/novo\/wp-content\/uploads\/2017\/06\/no200617apae5.jpg\"><img loading=\"lazy\" class=\"alignnone size-full wp-image-9409\" src=\"http:\/\/www.portalmantena.com.br\/novo\/wp-content\/uploads\/2017\/06\/no200617apae5.jpg\" alt=\"\" width=\"700\" height=\"450\" srcset=\"http:\/\/www.portalmantena.com.br\/novo\/wp-content\/uploads\/2017\/06\/no200617apae5.jpg 700w, http:\/\/www.portalmantena.com.br\/novo\/wp-content\/uploads\/2017\/06\/no200617apae5-300x193.jpg 300w, http:\/\/www.portalmantena.com.br\/novo\/wp-content\/uploads\/2017\/06\/no200617apae5-696x447.jpg 696w, http:\/\/www.portalmantena.com.br\/novo\/wp-content\/uploads\/2017\/06\/no200617apae5-653x420.jpg 653w\" sizes=\"(max-width: 700px) 100vw, 700px\" \/><\/a> <a href=\"http:\/\/www.portalmantena.com.br\/novo\/wp-content\/uploads\/2017\/06\/no200617apae6.jpg\"><img loading=\"lazy\" class=\"alignnone size-full wp-image-9410\" src=\"http:\/\/www.portalmantena.com.br\/novo\/wp-content\/uploads\/2017\/06\/no200617apae6.jpg\" alt=\"\" width=\"700\" height=\"450\" srcset=\"http:\/\/www.portalmantena.com.br\/novo\/wp-content\/uploads\/2017\/06\/no200617apae6.jpg 700w, http:\/\/www.portalmantena.com.br\/novo\/wp-content\/uploads\/2017\/06\/no200617apae6-300x193.jpg 300w, http:\/\/www.portalmantena.com.br\/novo\/wp-content\/uploads\/2017\/06\/no200617apae6-696x447.jpg 696w, http:\/\/www.portalmantena.com.br\/novo\/wp-content\/uploads\/2017\/06\/no200617apae6-653x420.jpg 653w\" sizes=\"(max-width: 700px) 100vw, 700px\" \/><\/a><\/p>\n","protected":false},"excerpt":{"rendered":"<p>A Escola de Forma\u00e7\u00e3o de Autodefensores tem como objetivo trabalhar a autogest\u00e3o e a autonomia da Pessoa com defici\u00eancia a fim de prepara-la para o conv\u00edvio e para os desafios do cotidiano. Para isto \u00e9 imprescind\u00edvel trabalhar com a pessoa com defici\u00eancia a educa\u00e7\u00e3o financeira, tendo em vista que estes precisam gerenciar a pr\u00f3pria vida, [&hellip;]<\/p>\n","protected":false},"author":1,"featured_media":9406,"comment_status":"open","ping_status":"open","sticky":false,"template":"","format":"standard","meta":[],"categories":[36,11],"tags":[],"_links":{"self":[{"href":"http:\/\/www.portalmantena.com.br\/novo\/index.php?rest_route=\/wp\/v2\/posts\/9404"}],"collection":[{"href":"http:\/\/www.portalmantena.com.br\/novo\/index.php?rest_route=\/wp\/v2\/posts"}],"about":[{"href":"http:\/\/www.portalmantena.com.br\/novo\/index.php?rest_route=\/wp\/v2\/types\/post"}],"author":[{"embeddable":true,"href":"http:\/\/www.portalmantena.com.br\/novo\/index.php?rest_route=\/wp\/v2\/users\/1"}],"replies":[{"embeddable":true,"href":"http:\/\/www.portalmantena.com.br\/novo\/index.php?rest_route=%2Fwp%2Fv2%2Fcomments&post=9404"}],"version-history":[{"count":2,"href":"http:\/\/www.portalmantena.com.br\/novo\/index.php?rest_route=\/wp\/v2\/posts\/9404\/revisions"}],"predecessor-version":[{"id":9424,"href":"http:\/\/www.portalmantena.com.br\/novo\/index.php?rest_route=\/wp\/v2\/posts\/9404\/revisions\/9424"}],"wp:featuredmedia":[{"embeddable":true,"href":"http:\/\/www.portalmantena.com.br\/novo\/index.php?rest_route=\/wp\/v2\/media\/9406"}],"wp:attachment":[{"href":"http:\/\/www.portalmantena.com.br\/novo\/index.php?rest_route=%2Fwp%2Fv2%2Fmedia&parent=9404"}],"wp:term":[{"taxonomy":"category","embeddable":true,"href":"http:\/\/www.portalmantena.com.br\/novo\/index.php?rest_route=%2Fwp%2Fv2%2Fcategories&post=9404"},{"taxonomy":"post_tag","embeddable":true,"href":"http:\/\/www.portalmantena.com.br\/novo\/index.php?rest_route=%2Fwp%2Fv2%2Ftags&post=9404"}],"curies":[{"name":"wp","href":"https:\/\/api.w.org\/{rel}","templated":true}]}}