{"id":9395,"date":"2017-06-20T15:57:46","date_gmt":"2017-06-20T18:57:46","guid":{"rendered":"http:\/\/www.portalmantena.com.br\/novo\/?p=9395"},"modified":"2017-06-20T15:57:46","modified_gmt":"2017-06-20T18:57:46","slug":"irmaos-abracando-a-irma-um-reencontro-em-mantena","status":"publish","type":"post","link":"http:\/\/www.portalmantena.com.br\/novo\/?p=9395","title":{"rendered":"Irm\u00e3os abra\u00e7ando a irm\u00e3, um reencontro em Mantena"},"content":{"rendered":"<p><a href=\"http:\/\/www.portalmantena.com.br\/novo\/wp-content\/uploads\/2017\/06\/vi200617patricia.jpg\"><img loading=\"lazy\" class=\"alignnone size-full wp-image-9396\" src=\"http:\/\/www.portalmantena.com.br\/novo\/wp-content\/uploads\/2017\/06\/vi200617patricia.jpg\" alt=\"\" width=\"700\" height=\"450\" srcset=\"http:\/\/www.portalmantena.com.br\/novo\/wp-content\/uploads\/2017\/06\/vi200617patricia.jpg 700w, http:\/\/www.portalmantena.com.br\/novo\/wp-content\/uploads\/2017\/06\/vi200617patricia-300x193.jpg 300w, http:\/\/www.portalmantena.com.br\/novo\/wp-content\/uploads\/2017\/06\/vi200617patricia-696x447.jpg 696w, http:\/\/www.portalmantena.com.br\/novo\/wp-content\/uploads\/2017\/06\/vi200617patricia-653x420.jpg 653w\" sizes=\"(max-width: 700px) 100vw, 700px\" \/><\/a><\/p>\n<p style=\"line-height: 13.5pt; background: white; margin: 0cm 0cm 7.5pt 0cm;\"><span style=\"font-size: 14pt; font-family: Verdana, sans-serif; color: #222222;\">O nossos amigos, os irm\u00e3os Marcos, Kaqui e Patr\u00edcia, num momento de carinho e descontra\u00e7\u00e3o em uma festa em Mantena. <\/span><\/p>\n<p style=\"line-height: 13.5pt; background: white; margin: 0cm 0cm 7.5pt 0cm;\">\n<p style=\"line-height: 13.5pt; background: white; margin: 0cm 0cm 7.5pt 0cm;\"><span style=\"font-size: 14pt; font-family: Verdana, sans-serif; color: #222222;\">Registro feito pela equipe da revista VITRINE, uma vez que a nossa amiga Patr\u00edcia Rosi est\u00e1 na terrinha visitando familiares e amigos, ela que reside h\u00e1 pelo menos 16 anos nos Estados Unidos. Bom e importante rever as pessoas queridas. <\/span><\/p>\n","protected":false},"excerpt":{"rendered":"<p>O nossos amigos, os irm\u00e3os Marcos, Kaqui e Patr\u00edcia, num momento de carinho e descontra\u00e7\u00e3o em uma festa em Mantena. Registro feito pela equipe da revista VITRINE, uma vez que a nossa amiga Patr\u00edcia Rosi est\u00e1 na terrinha visitando familiares e amigos, ela que reside h\u00e1 pelo menos 16 anos nos Estados Unidos. Bom e [&hellip;]<\/p>\n","protected":false},"author":1,"featured_media":9396,"comment_status":"open","ping_status":"open","sticky":false,"template":"","format":"standard","meta":[],"categories":[7],"tags":[],"_links":{"self":[{"href":"http:\/\/www.portalmantena.com.br\/novo\/index.php?rest_route=\/wp\/v2\/posts\/9395"}],"collection":[{"href":"http:\/\/www.portalmantena.com.br\/novo\/index.php?rest_route=\/wp\/v2\/posts"}],"about":[{"href":"http:\/\/www.portalmantena.com.br\/novo\/index.php?rest_route=\/wp\/v2\/types\/post"}],"author":[{"embeddable":true,"href":"http:\/\/www.portalmantena.com.br\/novo\/index.php?rest_route=\/wp\/v2\/users\/1"}],"replies":[{"embeddable":true,"href":"http:\/\/www.portalmantena.com.br\/novo\/index.php?rest_route=%2Fwp%2Fv2%2Fcomments&post=9395"}],"version-history":[{"count":1,"href":"http:\/\/www.portalmantena.com.br\/novo\/index.php?rest_route=\/wp\/v2\/posts\/9395\/revisions"}],"predecessor-version":[{"id":9397,"href":"http:\/\/www.portalmantena.com.br\/novo\/index.php?rest_route=\/wp\/v2\/posts\/9395\/revisions\/9397"}],"wp:featuredmedia":[{"embeddable":true,"href":"http:\/\/www.portalmantena.com.br\/novo\/index.php?rest_route=\/wp\/v2\/media\/9396"}],"wp:attachment":[{"href":"http:\/\/www.portalmantena.com.br\/novo\/index.php?rest_route=%2Fwp%2Fv2%2Fmedia&parent=9395"}],"wp:term":[{"taxonomy":"category","embeddable":true,"href":"http:\/\/www.portalmantena.com.br\/novo\/index.php?rest_route=%2Fwp%2Fv2%2Fcategories&post=9395"},{"taxonomy":"post_tag","embeddable":true,"href":"http:\/\/www.portalmantena.com.br\/novo\/index.php?rest_route=%2Fwp%2Fv2%2Ftags&post=9395"}],"curies":[{"name":"wp","href":"https:\/\/api.w.org\/{rel}","templated":true}]}}