{"id":9371,"date":"2017-06-20T13:48:14","date_gmt":"2017-06-20T16:48:14","guid":{"rendered":"http:\/\/www.portalmantena.com.br\/novo\/?p=9371"},"modified":"2017-06-20T13:48:14","modified_gmt":"2017-06-20T16:48:14","slug":"sem-tempo-sport-foca-recuperacao-fisica-e-encara-atletico-mg-na-quarta-feira","status":"publish","type":"post","link":"http:\/\/www.portalmantena.com.br\/novo\/?p=9371","title":{"rendered":"Sem tempo, Sport foca recupera\u00e7\u00e3o f\u00edsica e encara Atl\u00e9tico-MG na quarta-feira"},"content":{"rendered":"<p><a href=\"http:\/\/www.portalmantena.com.br\/novo\/wp-content\/uploads\/2017\/06\/es200617sport.jpg\"><img loading=\"lazy\" class=\"alignnone size-full wp-image-9372\" src=\"http:\/\/www.portalmantena.com.br\/novo\/wp-content\/uploads\/2017\/06\/es200617sport.jpg\" alt=\"\" width=\"650\" height=\"420\" srcset=\"http:\/\/www.portalmantena.com.br\/novo\/wp-content\/uploads\/2017\/06\/es200617sport.jpg 650w, http:\/\/www.portalmantena.com.br\/novo\/wp-content\/uploads\/2017\/06\/es200617sport-300x194.jpg 300w\" sizes=\"(max-width: 650px) 100vw, 650px\" \/><\/a><\/p>\n<p><span style=\"font-size: 14pt; color: #003366;\">Sem tempo, Sport foca recupera\u00e7\u00e3o f\u00edsica e encara Atl\u00e9tico-MG na quarta-feira<\/span><\/p>\n<p><span style=\"font-size: 14pt;\">&gt;&gt;&gt;A escala\u00e7\u00e3o do Sport para encarar o Atl\u00e9tico-MG est\u00e1 indefinida. Os dois dias de treinos antes da viagem para Belo Horizonte foram dedicados \u00e0 recupera\u00e7\u00e3o f\u00edsica dos ditos titulares e n\u00e3o houve montagem de time. O treinador Vanderlei Luxemburgo criticou a atua\u00e7\u00e3o da equipe logo ap\u00f3s a derrota por 3 a 1 para o Vit\u00f3ria, na Ilha. Mas n\u00e3o concedeu coletiva na v\u00e9spera da partida desta quarta-feira para esclarecer se a sua insatisfa\u00e7\u00e3o se transformar\u00e1 em mudan\u00e7as. Luxemburgo teve apenas uma conversa informal com a imprensa na manh\u00e3 desta ter\u00e7a-feira. Despistou sobre a escala\u00e7\u00e3o. Adiantou apenas que est\u00e1 descartada uma forma\u00e7\u00e3o com tr\u00eas zagueiros. Para o jogo no Independ\u00eancia, o comandante leonino poderia tirar um volante como Fabr\u00edcio e promover a entrada de um meia como Thom\u00e1s ou Everton Felipe. Na zaga, Neris e Henr\u00edquez t\u00eam alguma chance de serem acionados. O coordenador f\u00edsico do clube, Ant\u00f4nio Melo, justificou o porqu\u00ea dos treinamentos de segunda e desta ter\u00e7a reservado \u00e0 academia. &#8220;O Sport \u00e9 quem mais atuou no Brasil. Praticamente n\u00e3o tem folga entre um jogo e outro, n\u00e3o tem uma semana livre para reestruturar a quest\u00e3o f\u00edsica. Trabalhamos em cima do regenerativo. Fazemos uma coordena\u00e7\u00e3o de treinamento f\u00edsico de fisiologismo do esfor\u00e7o para melhorar o aproveitamento dos nossos atletas.&#8221; (fonte\/foto:uai)<\/span><\/p>\n","protected":false},"excerpt":{"rendered":"<p>Sem tempo, Sport foca recupera\u00e7\u00e3o f\u00edsica e encara Atl\u00e9tico-MG na quarta-feira &gt;&gt;&gt;A escala\u00e7\u00e3o do Sport para encarar o Atl\u00e9tico-MG est\u00e1 indefinida. Os dois dias de treinos antes da viagem para Belo Horizonte foram dedicados \u00e0 recupera\u00e7\u00e3o f\u00edsica dos ditos titulares e n\u00e3o houve montagem de time. O treinador Vanderlei Luxemburgo criticou a atua\u00e7\u00e3o da equipe [&hellip;]<\/p>\n","protected":false},"author":1,"featured_media":9372,"comment_status":"open","ping_status":"open","sticky":false,"template":"","format":"standard","meta":[],"categories":[22],"tags":[],"_links":{"self":[{"href":"http:\/\/www.portalmantena.com.br\/novo\/index.php?rest_route=\/wp\/v2\/posts\/9371"}],"collection":[{"href":"http:\/\/www.portalmantena.com.br\/novo\/index.php?rest_route=\/wp\/v2\/posts"}],"about":[{"href":"http:\/\/www.portalmantena.com.br\/novo\/index.php?rest_route=\/wp\/v2\/types\/post"}],"author":[{"embeddable":true,"href":"http:\/\/www.portalmantena.com.br\/novo\/index.php?rest_route=\/wp\/v2\/users\/1"}],"replies":[{"embeddable":true,"href":"http:\/\/www.portalmantena.com.br\/novo\/index.php?rest_route=%2Fwp%2Fv2%2Fcomments&post=9371"}],"version-history":[{"count":1,"href":"http:\/\/www.portalmantena.com.br\/novo\/index.php?rest_route=\/wp\/v2\/posts\/9371\/revisions"}],"predecessor-version":[{"id":9373,"href":"http:\/\/www.portalmantena.com.br\/novo\/index.php?rest_route=\/wp\/v2\/posts\/9371\/revisions\/9373"}],"wp:featuredmedia":[{"embeddable":true,"href":"http:\/\/www.portalmantena.com.br\/novo\/index.php?rest_route=\/wp\/v2\/media\/9372"}],"wp:attachment":[{"href":"http:\/\/www.portalmantena.com.br\/novo\/index.php?rest_route=%2Fwp%2Fv2%2Fmedia&parent=9371"}],"wp:term":[{"taxonomy":"category","embeddable":true,"href":"http:\/\/www.portalmantena.com.br\/novo\/index.php?rest_route=%2Fwp%2Fv2%2Fcategories&post=9371"},{"taxonomy":"post_tag","embeddable":true,"href":"http:\/\/www.portalmantena.com.br\/novo\/index.php?rest_route=%2Fwp%2Fv2%2Ftags&post=9371"}],"curies":[{"name":"wp","href":"https:\/\/api.w.org\/{rel}","templated":true}]}}