{"id":9368,"date":"2017-06-20T13:46:23","date_gmt":"2017-06-20T16:46:23","guid":{"rendered":"http:\/\/www.portalmantena.com.br\/novo\/?p=9368"},"modified":"2017-06-20T13:46:23","modified_gmt":"2017-06-20T16:46:23","slug":"avai-anuncia-a-contratacao-do-atacante-joel","status":"publish","type":"post","link":"http:\/\/www.portalmantena.com.br\/novo\/?p=9368","title":{"rendered":"Ava\u00ed anuncia a contrata\u00e7\u00e3o do atacante Joel"},"content":{"rendered":"<p><a href=\"http:\/\/www.portalmantena.com.br\/novo\/wp-content\/uploads\/2017\/06\/es200617avai.jpg\"><img loading=\"lazy\" class=\"alignnone size-full wp-image-9369\" src=\"http:\/\/www.portalmantena.com.br\/novo\/wp-content\/uploads\/2017\/06\/es200617avai.jpg\" alt=\"\" width=\"650\" height=\"420\" srcset=\"http:\/\/www.portalmantena.com.br\/novo\/wp-content\/uploads\/2017\/06\/es200617avai.jpg 650w, http:\/\/www.portalmantena.com.br\/novo\/wp-content\/uploads\/2017\/06\/es200617avai-300x194.jpg 300w\" sizes=\"(max-width: 650px) 100vw, 650px\" \/><\/a><\/p>\n<p><span style=\"font-size: 14pt; color: #003366;\">Ava\u00ed anuncia a contrata\u00e7\u00e3o do atacante Joel<\/span><\/p>\n<p><span style=\"font-size: 14pt;\">&gt;&gt;&gt;O Ava\u00ed anunciou na manh\u00e3 desta ter\u00e7a-feira a contrata\u00e7\u00e3o do atacante Joel. O atacante camaron\u00eas realizou exames m\u00e9dicos mais cedo para assinar o v\u00ednculo de empr\u00e9stimo at\u00e9 o final da temporada. Como seu contrato com o Botafogo j\u00e1 foi rescindido no Boletim Informativo Di\u00e1rio (BID), a expectativa da diretoria do Le\u00e3o da Ressacada \u00e9 que o nome do atleta conte no informativo ainda nesta ter\u00e7a, para que ele possa estrear j\u00e1 nesta quarta. Ap\u00f3s a assinatura do contrato, o presidente do clube catarinense entregou a camisa n\u00famero 99 para o jogador de 23 anos desejando boa sorte ao novo contratado. \u201cSeja muito bem-vindo ao Ava\u00ed e espero que voc\u00ea j\u00e1 estreie na equipe com vit\u00f3ria. Esperamos ver de voc\u00ea muitos gols com a camisa do Le\u00e3o\u201d, afirmou o mandat\u00e1rio. Com seu passe vinculado ao Cruzeiro at\u00e9 2020, Joel foi emprestado ao Botafogo no in\u00edcio do ano. Por\u00e9m, a passagem com a camisa do Glorioso foi decepcionante \u2013 atuou somente em 10 jogos e marcou apenas um gol. Al\u00e9m da Raposa e do clube carioca, o camaron\u00eas j\u00e1 vestiu a camisa do Londrina, Coritiba e Santos em territ\u00f3rio brasileiro. (fonte\/foto:uai)<\/span><\/p>\n","protected":false},"excerpt":{"rendered":"<p>Ava\u00ed anuncia a contrata\u00e7\u00e3o do atacante Joel &gt;&gt;&gt;O Ava\u00ed anunciou na manh\u00e3 desta ter\u00e7a-feira a contrata\u00e7\u00e3o do atacante Joel. O atacante camaron\u00eas realizou exames m\u00e9dicos mais cedo para assinar o v\u00ednculo de empr\u00e9stimo at\u00e9 o final da temporada. Como seu contrato com o Botafogo j\u00e1 foi rescindido no Boletim Informativo Di\u00e1rio (BID), a expectativa da [&hellip;]<\/p>\n","protected":false},"author":1,"featured_media":9369,"comment_status":"open","ping_status":"open","sticky":false,"template":"","format":"standard","meta":[],"categories":[22],"tags":[],"_links":{"self":[{"href":"http:\/\/www.portalmantena.com.br\/novo\/index.php?rest_route=\/wp\/v2\/posts\/9368"}],"collection":[{"href":"http:\/\/www.portalmantena.com.br\/novo\/index.php?rest_route=\/wp\/v2\/posts"}],"about":[{"href":"http:\/\/www.portalmantena.com.br\/novo\/index.php?rest_route=\/wp\/v2\/types\/post"}],"author":[{"embeddable":true,"href":"http:\/\/www.portalmantena.com.br\/novo\/index.php?rest_route=\/wp\/v2\/users\/1"}],"replies":[{"embeddable":true,"href":"http:\/\/www.portalmantena.com.br\/novo\/index.php?rest_route=%2Fwp%2Fv2%2Fcomments&post=9368"}],"version-history":[{"count":1,"href":"http:\/\/www.portalmantena.com.br\/novo\/index.php?rest_route=\/wp\/v2\/posts\/9368\/revisions"}],"predecessor-version":[{"id":9370,"href":"http:\/\/www.portalmantena.com.br\/novo\/index.php?rest_route=\/wp\/v2\/posts\/9368\/revisions\/9370"}],"wp:featuredmedia":[{"embeddable":true,"href":"http:\/\/www.portalmantena.com.br\/novo\/index.php?rest_route=\/wp\/v2\/media\/9369"}],"wp:attachment":[{"href":"http:\/\/www.portalmantena.com.br\/novo\/index.php?rest_route=%2Fwp%2Fv2%2Fmedia&parent=9368"}],"wp:term":[{"taxonomy":"category","embeddable":true,"href":"http:\/\/www.portalmantena.com.br\/novo\/index.php?rest_route=%2Fwp%2Fv2%2Fcategories&post=9368"},{"taxonomy":"post_tag","embeddable":true,"href":"http:\/\/www.portalmantena.com.br\/novo\/index.php?rest_route=%2Fwp%2Fv2%2Ftags&post=9368"}],"curies":[{"name":"wp","href":"https:\/\/api.w.org\/{rel}","templated":true}]}}