{"id":9365,"date":"2017-06-20T13:44:12","date_gmt":"2017-06-20T16:44:12","guid":{"rendered":"http:\/\/www.portalmantena.com.br\/novo\/?p=9365"},"modified":"2017-06-20T13:44:12","modified_gmt":"2017-06-20T16:44:12","slug":"sem-rodrigo-caio-e-lucao-rogerio-ceni-enfrenta-problema-na-zaga-do-sao-paulo","status":"publish","type":"post","link":"http:\/\/www.portalmantena.com.br\/novo\/?p=9365","title":{"rendered":"Sem Rodrigo Caio e Luc\u00e3o, Rog\u00e9rio Ceni enfrenta problema na zaga do S\u00e3o Paulo"},"content":{"rendered":"<p><a href=\"http:\/\/www.portalmantena.com.br\/novo\/wp-content\/uploads\/2017\/06\/es200617saopaulo.jpg\"><img loading=\"lazy\" class=\"alignnone size-full wp-image-9366\" src=\"http:\/\/www.portalmantena.com.br\/novo\/wp-content\/uploads\/2017\/06\/es200617saopaulo.jpg\" alt=\"\" width=\"650\" height=\"420\" srcset=\"http:\/\/www.portalmantena.com.br\/novo\/wp-content\/uploads\/2017\/06\/es200617saopaulo.jpg 650w, http:\/\/www.portalmantena.com.br\/novo\/wp-content\/uploads\/2017\/06\/es200617saopaulo-300x194.jpg 300w\" sizes=\"(max-width: 650px) 100vw, 650px\" \/><\/a><\/p>\n<p><span style=\"font-size: 14pt; color: #003366;\">Sem Rodrigo Caio e Luc\u00e3o, Rog\u00e9rio Ceni enfrenta problema na zaga do S\u00e3o Paulo<\/span><\/p>\n<p><span style=\"font-size: 14pt;\">&gt;&gt;&gt;O t\u00e9cnico Rog\u00e9rio Ceni certamente ter\u00e1 trabalho para armar a zaga do S\u00e3o Paulo para a partida desta quarta-feira, contra o Atl\u00e9tico Paranaense. O comandante n\u00e3o deve contar com dois nomes que vinham sendo utilizados no setor: Rodrigo Caio e Luc\u00e3o. O zagueiro Luc\u00e3o n\u00e3o deve mais atuar pelo S\u00e3o Paulo. O jogador, vaiado por parte da torcida ap\u00f3s falhar na derrota para o Atl\u00e9tico, no \u00faltimo domingo, deu declara\u00e7\u00e3o pol\u00eamica e a diretoria do time do Morumbi n\u00e3o digeriu muito bem suas palavras. Sem clima, Luc\u00e3o deve ser negociado pela diretoria e n\u00e3o viaja para Curitiba. Como possui seis jogos com a camisa do S\u00e3o Paulo neste Brasileir\u00e3o, o jogador, caso n\u00e3o jogue mais pelo clube, estaria dispon\u00edvel para jogar a competi\u00e7\u00e3o por outro time da S\u00e9rie A. Criticado pela torcida, Luc\u00e3o chegou a ser envolvido como moeda de troca na negocia\u00e7\u00e3o do zagueiro Maicon, no \u00faltimo ano, mas as conversas com o Porto n\u00e3o avan\u00e7aram. (fonte\/foto:uai)<\/span><\/p>\n","protected":false},"excerpt":{"rendered":"<p>Sem Rodrigo Caio e Luc\u00e3o, Rog\u00e9rio Ceni enfrenta problema na zaga do S\u00e3o Paulo &gt;&gt;&gt;O t\u00e9cnico Rog\u00e9rio Ceni certamente ter\u00e1 trabalho para armar a zaga do S\u00e3o Paulo para a partida desta quarta-feira, contra o Atl\u00e9tico Paranaense. O comandante n\u00e3o deve contar com dois nomes que vinham sendo utilizados no setor: Rodrigo Caio e Luc\u00e3o. [&hellip;]<\/p>\n","protected":false},"author":1,"featured_media":9366,"comment_status":"open","ping_status":"open","sticky":false,"template":"","format":"standard","meta":[],"categories":[22],"tags":[],"_links":{"self":[{"href":"http:\/\/www.portalmantena.com.br\/novo\/index.php?rest_route=\/wp\/v2\/posts\/9365"}],"collection":[{"href":"http:\/\/www.portalmantena.com.br\/novo\/index.php?rest_route=\/wp\/v2\/posts"}],"about":[{"href":"http:\/\/www.portalmantena.com.br\/novo\/index.php?rest_route=\/wp\/v2\/types\/post"}],"author":[{"embeddable":true,"href":"http:\/\/www.portalmantena.com.br\/novo\/index.php?rest_route=\/wp\/v2\/users\/1"}],"replies":[{"embeddable":true,"href":"http:\/\/www.portalmantena.com.br\/novo\/index.php?rest_route=%2Fwp%2Fv2%2Fcomments&post=9365"}],"version-history":[{"count":1,"href":"http:\/\/www.portalmantena.com.br\/novo\/index.php?rest_route=\/wp\/v2\/posts\/9365\/revisions"}],"predecessor-version":[{"id":9367,"href":"http:\/\/www.portalmantena.com.br\/novo\/index.php?rest_route=\/wp\/v2\/posts\/9365\/revisions\/9367"}],"wp:featuredmedia":[{"embeddable":true,"href":"http:\/\/www.portalmantena.com.br\/novo\/index.php?rest_route=\/wp\/v2\/media\/9366"}],"wp:attachment":[{"href":"http:\/\/www.portalmantena.com.br\/novo\/index.php?rest_route=%2Fwp%2Fv2%2Fmedia&parent=9365"}],"wp:term":[{"taxonomy":"category","embeddable":true,"href":"http:\/\/www.portalmantena.com.br\/novo\/index.php?rest_route=%2Fwp%2Fv2%2Fcategories&post=9365"},{"taxonomy":"post_tag","embeddable":true,"href":"http:\/\/www.portalmantena.com.br\/novo\/index.php?rest_route=%2Fwp%2Fv2%2Ftags&post=9365"}],"curies":[{"name":"wp","href":"https:\/\/api.w.org\/{rel}","templated":true}]}}