{"id":9353,"date":"2017-06-20T08:56:32","date_gmt":"2017-06-20T11:56:32","guid":{"rendered":"http:\/\/www.portalmantena.com.br\/novo\/?p=9353"},"modified":"2017-06-20T08:56:32","modified_gmt":"2017-06-20T11:56:32","slug":"curso-gratuito-de-pos-graduacao-em-gestao-de-saude-em-mantena","status":"publish","type":"post","link":"http:\/\/www.portalmantena.com.br\/novo\/?p=9353","title":{"rendered":"Curso gratuito de P\u00f3s Gradua\u00e7\u00e3o em Gest\u00e3o de Sa\u00fade em Mantena"},"content":{"rendered":"<p><a href=\"http:\/\/www.portalmantena.com.br\/novo\/wp-content\/uploads\/2017\/06\/no200617curso.jpg\"><img loading=\"lazy\" class=\"alignnone size-full wp-image-9355\" src=\"http:\/\/www.portalmantena.com.br\/novo\/wp-content\/uploads\/2017\/06\/no200617curso.jpg\" alt=\"\" width=\"700\" height=\"450\" srcset=\"http:\/\/www.portalmantena.com.br\/novo\/wp-content\/uploads\/2017\/06\/no200617curso.jpg 700w, http:\/\/www.portalmantena.com.br\/novo\/wp-content\/uploads\/2017\/06\/no200617curso-300x193.jpg 300w, http:\/\/www.portalmantena.com.br\/novo\/wp-content\/uploads\/2017\/06\/no200617curso-696x447.jpg 696w, http:\/\/www.portalmantena.com.br\/novo\/wp-content\/uploads\/2017\/06\/no200617curso-653x420.jpg 653w\" sizes=\"(max-width: 700px) 100vw, 700px\" \/><\/a><\/p>\n<p><span style=\"font-size: 14pt;\">A Prefeitura Municipal de Mantena, por meio da Secretaria Municipal de Educa\u00e7\u00e3o, comunica que iniciou na \u00faltima sexta-feira dia 16 de junho e encerrar\u00e1 nesta sexta-feira dia 23 de Junho, as inscri\u00e7\u00f5es para o curso de P\u00f3s Gradua\u00e7\u00e3o \u201d Gest\u00e3o em Sa\u00fade\u201d. <\/span><\/p>\n<p><span style=\"font-size: 14pt;\">O curso ser\u00e1 na modalidade \u00e0 dist\u00e2ncia e ser\u00e1 oferecido ao candidato que j\u00e1 concluiu gradua\u00e7\u00e3o em qualquer \u00e1rea de conhecimento. <\/span><\/p>\n<p><span style=\"font-size: 14pt;\">Lembrando que o curso \u00e9 gratuito. As inscri\u00e7\u00f5es ser\u00e3o efetuadas no endere\u00e7o:\u00a0<a href=\"http:\/\/ead.ifnmg.edu.br\/\" data-saferedirecturl=\"https:\/\/www.google.com\/url?hl=pt-BR&amp;q=http:\/\/ead.ifnmg.edu.br&amp;source=gmail&amp;ust=1497819743760000&amp;usg=AFQjCNGrhuyO4tNEtiWelmCvJBELwpdOVw\">ead.ifnmg.edu.br<\/a> Para mais informa\u00e7\u00f5es\u00a0ligue:\u00a0(33) 3241-1837.<\/span><\/p>\n","protected":false},"excerpt":{"rendered":"<p>A Prefeitura Municipal de Mantena, por meio da Secretaria Municipal de Educa\u00e7\u00e3o, comunica que iniciou na \u00faltima sexta-feira dia 16 de junho e encerrar\u00e1 nesta sexta-feira dia 23 de Junho, as inscri\u00e7\u00f5es para o curso de P\u00f3s Gradua\u00e7\u00e3o \u201d Gest\u00e3o em Sa\u00fade\u201d. O curso ser\u00e1 na modalidade \u00e0 dist\u00e2ncia e ser\u00e1 oferecido ao candidato que [&hellip;]<\/p>\n","protected":false},"author":1,"featured_media":9355,"comment_status":"open","ping_status":"open","sticky":false,"template":"","format":"standard","meta":[],"categories":[36,11],"tags":[],"_links":{"self":[{"href":"http:\/\/www.portalmantena.com.br\/novo\/index.php?rest_route=\/wp\/v2\/posts\/9353"}],"collection":[{"href":"http:\/\/www.portalmantena.com.br\/novo\/index.php?rest_route=\/wp\/v2\/posts"}],"about":[{"href":"http:\/\/www.portalmantena.com.br\/novo\/index.php?rest_route=\/wp\/v2\/types\/post"}],"author":[{"embeddable":true,"href":"http:\/\/www.portalmantena.com.br\/novo\/index.php?rest_route=\/wp\/v2\/users\/1"}],"replies":[{"embeddable":true,"href":"http:\/\/www.portalmantena.com.br\/novo\/index.php?rest_route=%2Fwp%2Fv2%2Fcomments&post=9353"}],"version-history":[{"count":1,"href":"http:\/\/www.portalmantena.com.br\/novo\/index.php?rest_route=\/wp\/v2\/posts\/9353\/revisions"}],"predecessor-version":[{"id":9356,"href":"http:\/\/www.portalmantena.com.br\/novo\/index.php?rest_route=\/wp\/v2\/posts\/9353\/revisions\/9356"}],"wp:featuredmedia":[{"embeddable":true,"href":"http:\/\/www.portalmantena.com.br\/novo\/index.php?rest_route=\/wp\/v2\/media\/9355"}],"wp:attachment":[{"href":"http:\/\/www.portalmantena.com.br\/novo\/index.php?rest_route=%2Fwp%2Fv2%2Fmedia&parent=9353"}],"wp:term":[{"taxonomy":"category","embeddable":true,"href":"http:\/\/www.portalmantena.com.br\/novo\/index.php?rest_route=%2Fwp%2Fv2%2Fcategories&post=9353"},{"taxonomy":"post_tag","embeddable":true,"href":"http:\/\/www.portalmantena.com.br\/novo\/index.php?rest_route=%2Fwp%2Fv2%2Ftags&post=9353"}],"curies":[{"name":"wp","href":"https:\/\/api.w.org\/{rel}","templated":true}]}}