{"id":9350,"date":"2017-06-20T08:47:14","date_gmt":"2017-06-20T11:47:14","guid":{"rendered":"http:\/\/www.portalmantena.com.br\/novo\/?p=9350"},"modified":"2017-06-20T08:47:14","modified_gmt":"2017-06-20T11:47:14","slug":"policia-rodoviaria-registra-queda-no-numero-de-mortes-no-feriado-de-corpus-christi","status":"publish","type":"post","link":"http:\/\/www.portalmantena.com.br\/novo\/?p=9350","title":{"rendered":"Pol\u00edcia Rodovi\u00e1ria registra queda no n\u00famero de mortes no feriado de Corpus Christi"},"content":{"rendered":"<p><a href=\"http:\/\/www.portalmantena.com.br\/novo\/wp-content\/uploads\/2017\/06\/no200617pm.jpg\"><img loading=\"lazy\" class=\"alignnone size-full wp-image-9351\" src=\"http:\/\/www.portalmantena.com.br\/novo\/wp-content\/uploads\/2017\/06\/no200617pm.jpg\" alt=\"\" width=\"700\" height=\"450\" srcset=\"http:\/\/www.portalmantena.com.br\/novo\/wp-content\/uploads\/2017\/06\/no200617pm.jpg 700w, http:\/\/www.portalmantena.com.br\/novo\/wp-content\/uploads\/2017\/06\/no200617pm-300x193.jpg 300w, http:\/\/www.portalmantena.com.br\/novo\/wp-content\/uploads\/2017\/06\/no200617pm-696x447.jpg 696w, http:\/\/www.portalmantena.com.br\/novo\/wp-content\/uploads\/2017\/06\/no200617pm-653x420.jpg 653w\" sizes=\"(max-width: 700px) 100vw, 700px\" \/><\/a><\/p>\n<p><span style=\"font-size: 14pt;\">Quatro pessoas morreram nas estradas federais em Minas Gerais durante o feriado prolongado de Corpus Christi, de acordo com a Pol\u00edcia Rodovi\u00e1ria Federal (PRF). <\/span><\/p>\n<p><span style=\"font-size: 14pt;\">O n\u00famero representa queda de 71% em rela\u00e7\u00e3o ao mesmo per\u00edodo do ano passado quando 14 mortes foram registradas. Segundo balan\u00e7o divulgado nesta segunda-feira (19) pela PRF, do dia 14 a 18 de junho, houve 148 acidentes. Em 2016 foram 203, uma redu\u00e7\u00e3o de 29%. <\/span><\/p>\n<p><span style=\"font-size: 14pt;\">O n\u00famero de feridos tamb\u00e9m caiu de 150 para 193, uma queda de 22% em rela\u00e7\u00e3o ao ano passado.<\/span><\/p>\n","protected":false},"excerpt":{"rendered":"<p>Quatro pessoas morreram nas estradas federais em Minas Gerais durante o feriado prolongado de Corpus Christi, de acordo com a Pol\u00edcia Rodovi\u00e1ria Federal (PRF). O n\u00famero representa queda de 71% em rela\u00e7\u00e3o ao mesmo per\u00edodo do ano passado quando 14 mortes foram registradas. Segundo balan\u00e7o divulgado nesta segunda-feira (19) pela PRF, do dia 14 a [&hellip;]<\/p>\n","protected":false},"author":1,"featured_media":9351,"comment_status":"open","ping_status":"open","sticky":false,"template":"","format":"standard","meta":[],"categories":[11,39],"tags":[],"_links":{"self":[{"href":"http:\/\/www.portalmantena.com.br\/novo\/index.php?rest_route=\/wp\/v2\/posts\/9350"}],"collection":[{"href":"http:\/\/www.portalmantena.com.br\/novo\/index.php?rest_route=\/wp\/v2\/posts"}],"about":[{"href":"http:\/\/www.portalmantena.com.br\/novo\/index.php?rest_route=\/wp\/v2\/types\/post"}],"author":[{"embeddable":true,"href":"http:\/\/www.portalmantena.com.br\/novo\/index.php?rest_route=\/wp\/v2\/users\/1"}],"replies":[{"embeddable":true,"href":"http:\/\/www.portalmantena.com.br\/novo\/index.php?rest_route=%2Fwp%2Fv2%2Fcomments&post=9350"}],"version-history":[{"count":1,"href":"http:\/\/www.portalmantena.com.br\/novo\/index.php?rest_route=\/wp\/v2\/posts\/9350\/revisions"}],"predecessor-version":[{"id":9352,"href":"http:\/\/www.portalmantena.com.br\/novo\/index.php?rest_route=\/wp\/v2\/posts\/9350\/revisions\/9352"}],"wp:featuredmedia":[{"embeddable":true,"href":"http:\/\/www.portalmantena.com.br\/novo\/index.php?rest_route=\/wp\/v2\/media\/9351"}],"wp:attachment":[{"href":"http:\/\/www.portalmantena.com.br\/novo\/index.php?rest_route=%2Fwp%2Fv2%2Fmedia&parent=9350"}],"wp:term":[{"taxonomy":"category","embeddable":true,"href":"http:\/\/www.portalmantena.com.br\/novo\/index.php?rest_route=%2Fwp%2Fv2%2Fcategories&post=9350"},{"taxonomy":"post_tag","embeddable":true,"href":"http:\/\/www.portalmantena.com.br\/novo\/index.php?rest_route=%2Fwp%2Fv2%2Ftags&post=9350"}],"curies":[{"name":"wp","href":"https:\/\/api.w.org\/{rel}","templated":true}]}}