{"id":9345,"date":"2017-06-20T08:31:11","date_gmt":"2017-06-20T11:31:11","guid":{"rendered":"http:\/\/www.portalmantena.com.br\/novo\/?p=9345"},"modified":"2017-06-20T08:31:11","modified_gmt":"2017-06-20T11:31:11","slug":"discussao-em-boate-acaba-em-carro-incendiado-e-poste-derrubado","status":"publish","type":"post","link":"http:\/\/www.portalmantena.com.br\/novo\/?p=9345","title":{"rendered":"Discuss\u00e3o em Boate acaba em carro incendiado e poste derrubado"},"content":{"rendered":"<p><a href=\"http:\/\/www.portalmantena.com.br\/novo\/wp-content\/uploads\/2017\/06\/no200617carro.jpg\"><img loading=\"lazy\" class=\"alignnone size-full wp-image-9346\" src=\"http:\/\/www.portalmantena.com.br\/novo\/wp-content\/uploads\/2017\/06\/no200617carro.jpg\" alt=\"\" width=\"700\" height=\"450\" srcset=\"http:\/\/www.portalmantena.com.br\/novo\/wp-content\/uploads\/2017\/06\/no200617carro.jpg 700w, http:\/\/www.portalmantena.com.br\/novo\/wp-content\/uploads\/2017\/06\/no200617carro-300x193.jpg 300w, http:\/\/www.portalmantena.com.br\/novo\/wp-content\/uploads\/2017\/06\/no200617carro-696x447.jpg 696w, http:\/\/www.portalmantena.com.br\/novo\/wp-content\/uploads\/2017\/06\/no200617carro-653x420.jpg 653w\" sizes=\"(max-width: 700px) 100vw, 700px\" \/><\/a><\/p>\n<p><span style=\"font-size: 14pt;\">No \u00faltimo s\u00e1bado dia 17 de Junho, um ve\u00edculo foi incendiado no bairro S\u00e3o Braz na cidade de Colatina. O fogo se alastrou e atingiu tamb\u00e9m um caminh\u00e3o. Segundo a pol\u00edcia, tudo come\u00e7ou ap\u00f3s uma discuss\u00e3o em uma boate no bairro Hon\u00f3rio Fraga. <\/span><\/p>\n<p><span style=\"font-size: 14pt;\">A pol\u00edcia contou que um dos envolvidos na briga foi quem colocou fogo no carro, na Avenida Fioravante Rossi. Na fuga, ele entrou em uma caminhonete e teria derrubado um poste. <\/span><\/p>\n<p><span style=\"font-size: 14pt;\">De manh\u00e3, os ve\u00edculos incendiados ainda continuavam no local, mas o fogo j\u00e1 havia sido controlado. Funcion\u00e1rios da Empresa de Luz e For\u00e7a Santa Maria foram ao local para substituir o poste derrubado. <\/span><\/p>\n<p><span style=\"font-size: 14pt;\">Quatro bairros pr\u00f3ximos ficaram sem energia el\u00e9trica por causa do acidente. Apesar do inc\u00eandio e do acidente, ningu\u00e9m ficou ferido. O Corpo de Bombeiros informou que a per\u00edcia ser\u00e1 feita pela Pol\u00edcia Civil. (fonte\/foto:agazeta)<\/span><\/p>\n","protected":false},"excerpt":{"rendered":"<p>No \u00faltimo s\u00e1bado dia 17 de Junho, um ve\u00edculo foi incendiado no bairro S\u00e3o Braz na cidade de Colatina. O fogo se alastrou e atingiu tamb\u00e9m um caminh\u00e3o. Segundo a pol\u00edcia, tudo come\u00e7ou ap\u00f3s uma discuss\u00e3o em uma boate no bairro Hon\u00f3rio Fraga. A pol\u00edcia contou que um dos envolvidos na briga foi quem colocou [&hellip;]<\/p>\n","protected":false},"author":1,"featured_media":9346,"comment_status":"open","ping_status":"open","sticky":false,"template":"","format":"standard","meta":[],"categories":[11,39],"tags":[],"_links":{"self":[{"href":"http:\/\/www.portalmantena.com.br\/novo\/index.php?rest_route=\/wp\/v2\/posts\/9345"}],"collection":[{"href":"http:\/\/www.portalmantena.com.br\/novo\/index.php?rest_route=\/wp\/v2\/posts"}],"about":[{"href":"http:\/\/www.portalmantena.com.br\/novo\/index.php?rest_route=\/wp\/v2\/types\/post"}],"author":[{"embeddable":true,"href":"http:\/\/www.portalmantena.com.br\/novo\/index.php?rest_route=\/wp\/v2\/users\/1"}],"replies":[{"embeddable":true,"href":"http:\/\/www.portalmantena.com.br\/novo\/index.php?rest_route=%2Fwp%2Fv2%2Fcomments&post=9345"}],"version-history":[{"count":1,"href":"http:\/\/www.portalmantena.com.br\/novo\/index.php?rest_route=\/wp\/v2\/posts\/9345\/revisions"}],"predecessor-version":[{"id":9347,"href":"http:\/\/www.portalmantena.com.br\/novo\/index.php?rest_route=\/wp\/v2\/posts\/9345\/revisions\/9347"}],"wp:featuredmedia":[{"embeddable":true,"href":"http:\/\/www.portalmantena.com.br\/novo\/index.php?rest_route=\/wp\/v2\/media\/9346"}],"wp:attachment":[{"href":"http:\/\/www.portalmantena.com.br\/novo\/index.php?rest_route=%2Fwp%2Fv2%2Fmedia&parent=9345"}],"wp:term":[{"taxonomy":"category","embeddable":true,"href":"http:\/\/www.portalmantena.com.br\/novo\/index.php?rest_route=%2Fwp%2Fv2%2Fcategories&post=9345"},{"taxonomy":"post_tag","embeddable":true,"href":"http:\/\/www.portalmantena.com.br\/novo\/index.php?rest_route=%2Fwp%2Fv2%2Ftags&post=9345"}],"curies":[{"name":"wp","href":"https:\/\/api.w.org\/{rel}","templated":true}]}}