{"id":9230,"date":"2017-06-19T13:17:15","date_gmt":"2017-06-19T16:17:15","guid":{"rendered":"http:\/\/www.portalmantena.com.br\/novo\/?p=9230"},"modified":"2017-06-19T13:17:15","modified_gmt":"2017-06-19T16:17:15","slug":"sport-perde-em-casa-para-o-vitoria-e-entra-no-z-4","status":"publish","type":"post","link":"http:\/\/www.portalmantena.com.br\/novo\/?p=9230","title":{"rendered":"Sport perde em casa para o Vit\u00f3ria e entra no Z-4"},"content":{"rendered":"<p><a href=\"http:\/\/www.portalmantena.com.br\/novo\/wp-content\/uploads\/2017\/06\/es190617sport.jpg\"><img loading=\"lazy\" class=\"alignnone size-full wp-image-9231\" src=\"http:\/\/www.portalmantena.com.br\/novo\/wp-content\/uploads\/2017\/06\/es190617sport.jpg\" alt=\"\" width=\"650\" height=\"420\" srcset=\"http:\/\/www.portalmantena.com.br\/novo\/wp-content\/uploads\/2017\/06\/es190617sport.jpg 650w, http:\/\/www.portalmantena.com.br\/novo\/wp-content\/uploads\/2017\/06\/es190617sport-300x194.jpg 300w\" sizes=\"(max-width: 650px) 100vw, 650px\" \/><\/a><\/p>\n<p><span style=\"font-size: 14pt; color: #003366;\">Sport perde em casa para o Vit\u00f3ria e entra no Z-4<\/span><\/p>\n<p><span style=\"font-size: 14pt;\">&gt;&gt;&gt;O Vit\u00f3ria conseguiu um grande resultado na Ilha do Retiro e deixou a zona de rebaixamento do Campeonato Brasileiro. Neste domingo, o time baiano fez 3 a 1 sobre o Sport e empurrou os comandados de Vanderlei Luxemburgo para o grupo dos quatro piores da competi\u00e7\u00e3o. Pressionado pelos maus resultados recentes, o Vit\u00f3ria n\u00e3o se intimidou fora de casa e abriu vantagem com os gols de Uillian Correia e Kanu. De volta da Sele\u00e7\u00e3o Brasileira, Diego Souza descontou para o Sport ainda na primeira etapa. Com o resultado, o Vit\u00f3ria subiu para o 17\u00ba lugar, com 8 pontos. O Sport abre o Z-4 com a mesma pontua\u00e7\u00e3o, mas leva a pior no saldo de gols. As duas equipes voltam a jogar na quarta-feira. \u00c0s 19h30, o Vit\u00f3ria recebe o Santos no Barrad\u00e3o. Mais tarde, \u00e0s 21h45, o Sport visita o Atl\u00e9tico-MG na Arena Independ\u00eancia. (fonte\/foto:band)<\/span><\/p>\n","protected":false},"excerpt":{"rendered":"<p>Sport perde em casa para o Vit\u00f3ria e entra no Z-4 &gt;&gt;&gt;O Vit\u00f3ria conseguiu um grande resultado na Ilha do Retiro e deixou a zona de rebaixamento do Campeonato Brasileiro. Neste domingo, o time baiano fez 3 a 1 sobre o Sport e empurrou os comandados de Vanderlei Luxemburgo para o grupo dos quatro piores [&hellip;]<\/p>\n","protected":false},"author":1,"featured_media":9231,"comment_status":"open","ping_status":"open","sticky":false,"template":"","format":"standard","meta":[],"categories":[22],"tags":[],"_links":{"self":[{"href":"http:\/\/www.portalmantena.com.br\/novo\/index.php?rest_route=\/wp\/v2\/posts\/9230"}],"collection":[{"href":"http:\/\/www.portalmantena.com.br\/novo\/index.php?rest_route=\/wp\/v2\/posts"}],"about":[{"href":"http:\/\/www.portalmantena.com.br\/novo\/index.php?rest_route=\/wp\/v2\/types\/post"}],"author":[{"embeddable":true,"href":"http:\/\/www.portalmantena.com.br\/novo\/index.php?rest_route=\/wp\/v2\/users\/1"}],"replies":[{"embeddable":true,"href":"http:\/\/www.portalmantena.com.br\/novo\/index.php?rest_route=%2Fwp%2Fv2%2Fcomments&post=9230"}],"version-history":[{"count":1,"href":"http:\/\/www.portalmantena.com.br\/novo\/index.php?rest_route=\/wp\/v2\/posts\/9230\/revisions"}],"predecessor-version":[{"id":9232,"href":"http:\/\/www.portalmantena.com.br\/novo\/index.php?rest_route=\/wp\/v2\/posts\/9230\/revisions\/9232"}],"wp:featuredmedia":[{"embeddable":true,"href":"http:\/\/www.portalmantena.com.br\/novo\/index.php?rest_route=\/wp\/v2\/media\/9231"}],"wp:attachment":[{"href":"http:\/\/www.portalmantena.com.br\/novo\/index.php?rest_route=%2Fwp%2Fv2%2Fmedia&parent=9230"}],"wp:term":[{"taxonomy":"category","embeddable":true,"href":"http:\/\/www.portalmantena.com.br\/novo\/index.php?rest_route=%2Fwp%2Fv2%2Fcategories&post=9230"},{"taxonomy":"post_tag","embeddable":true,"href":"http:\/\/www.portalmantena.com.br\/novo\/index.php?rest_route=%2Fwp%2Fv2%2Ftags&post=9230"}],"curies":[{"name":"wp","href":"https:\/\/api.w.org\/{rel}","templated":true}]}}