{"id":9225,"date":"2017-06-19T13:14:53","date_gmt":"2017-06-19T16:14:53","guid":{"rendered":"http:\/\/www.portalmantena.com.br\/novo\/?p=9225"},"modified":"2017-06-19T13:14:53","modified_gmt":"2017-06-19T16:14:53","slug":"em-jogo-agitado-portugal-e-mexico-empatam-na-copa-das-confederacoes","status":"publish","type":"post","link":"http:\/\/www.portalmantena.com.br\/novo\/?p=9225","title":{"rendered":"Em jogo agitado, Portugal e M\u00e9xico empatam na Copa das Confedera\u00e7\u00f5es"},"content":{"rendered":"<p><a href=\"http:\/\/www.portalmantena.com.br\/novo\/wp-content\/uploads\/2017\/06\/es190617portugal.jpg\"><img loading=\"lazy\" class=\"alignnone size-full wp-image-9228\" src=\"http:\/\/www.portalmantena.com.br\/novo\/wp-content\/uploads\/2017\/06\/es190617portugal.jpg\" alt=\"\" width=\"650\" height=\"420\" srcset=\"http:\/\/www.portalmantena.com.br\/novo\/wp-content\/uploads\/2017\/06\/es190617portugal.jpg 650w, http:\/\/www.portalmantena.com.br\/novo\/wp-content\/uploads\/2017\/06\/es190617portugal-300x194.jpg 300w\" sizes=\"(max-width: 650px) 100vw, 650px\" \/><\/a><\/p>\n<p><span style=\"font-size: 14pt; color: #003366;\">Em jogo agitado, Portugal e M\u00e9xico empatam na Copa das Confedera\u00e7\u00f5es<\/span><\/p>\n<p><span style=\"font-size: 14pt;\">&gt;&gt;&gt;Em partida muito movimentada, Portugal e M\u00e9xico ficaram no 2 a 2 neste domingo, em Kazan, pela primeira rodada do grupo A da Copa das Confedera\u00e7\u00f5es. Os europeus ficaram duas vezes na frente, com gols de Quaresma e Cedric, mas o time de Juan Carlos Osorio, com Chicharito Hern\u00e1ndez e Hector Moreno foram buscar a igualdade. A partida contou com o uso do aux\u00edlio de v\u00eddeo em momento importante. Na primeira etapa, com o placar em 0 a 0, Pepe fez para os portugueses. Por\u00e9m, ap\u00f3s revis\u00e3o do lance, foi marcado impedimento e o tento foi anulado. Na segunda rodada, os comandados de Fernando Santos encaram a anfitri\u00e3 R\u00fassia, \u00e0s 12 horas (de Bras\u00edlia), em Moscou. O M\u00e9xico, por sua vez, tem a Nova Zel\u00e2ndia pela frente, \u00e0s 15, em Sochi. (fonte\/foto:uai)<\/span><\/p>\n","protected":false},"excerpt":{"rendered":"<p>Em jogo agitado, Portugal e M\u00e9xico empatam na Copa das Confedera\u00e7\u00f5es &gt;&gt;&gt;Em partida muito movimentada, Portugal e M\u00e9xico ficaram no 2 a 2 neste domingo, em Kazan, pela primeira rodada do grupo A da Copa das Confedera\u00e7\u00f5es. Os europeus ficaram duas vezes na frente, com gols de Quaresma e Cedric, mas o time de Juan [&hellip;]<\/p>\n","protected":false},"author":1,"featured_media":9228,"comment_status":"open","ping_status":"open","sticky":false,"template":"","format":"standard","meta":[],"categories":[22],"tags":[],"_links":{"self":[{"href":"http:\/\/www.portalmantena.com.br\/novo\/index.php?rest_route=\/wp\/v2\/posts\/9225"}],"collection":[{"href":"http:\/\/www.portalmantena.com.br\/novo\/index.php?rest_route=\/wp\/v2\/posts"}],"about":[{"href":"http:\/\/www.portalmantena.com.br\/novo\/index.php?rest_route=\/wp\/v2\/types\/post"}],"author":[{"embeddable":true,"href":"http:\/\/www.portalmantena.com.br\/novo\/index.php?rest_route=\/wp\/v2\/users\/1"}],"replies":[{"embeddable":true,"href":"http:\/\/www.portalmantena.com.br\/novo\/index.php?rest_route=%2Fwp%2Fv2%2Fcomments&post=9225"}],"version-history":[{"count":1,"href":"http:\/\/www.portalmantena.com.br\/novo\/index.php?rest_route=\/wp\/v2\/posts\/9225\/revisions"}],"predecessor-version":[{"id":9229,"href":"http:\/\/www.portalmantena.com.br\/novo\/index.php?rest_route=\/wp\/v2\/posts\/9225\/revisions\/9229"}],"wp:featuredmedia":[{"embeddable":true,"href":"http:\/\/www.portalmantena.com.br\/novo\/index.php?rest_route=\/wp\/v2\/media\/9228"}],"wp:attachment":[{"href":"http:\/\/www.portalmantena.com.br\/novo\/index.php?rest_route=%2Fwp%2Fv2%2Fmedia&parent=9225"}],"wp:term":[{"taxonomy":"category","embeddable":true,"href":"http:\/\/www.portalmantena.com.br\/novo\/index.php?rest_route=%2Fwp%2Fv2%2Fcategories&post=9225"},{"taxonomy":"post_tag","embeddable":true,"href":"http:\/\/www.portalmantena.com.br\/novo\/index.php?rest_route=%2Fwp%2Fv2%2Ftags&post=9225"}],"curies":[{"name":"wp","href":"https:\/\/api.w.org\/{rel}","templated":true}]}}