{"id":9224,"date":"2017-06-19T13:14:04","date_gmt":"2017-06-19T16:14:04","guid":{"rendered":"http:\/\/www.portalmantena.com.br\/novo\/?p=9224"},"modified":"2017-06-19T13:14:04","modified_gmt":"2017-06-19T16:14:04","slug":"menina-de-7-anos-recebe-descarga-eletrica-apos-escalar-poste","status":"publish","type":"post","link":"http:\/\/www.portalmantena.com.br\/novo\/?p=9224","title":{"rendered":"Menina de 7 anos recebe descarga el\u00e9trica ap\u00f3s escalar poste"},"content":{"rendered":"<p><a href=\"http:\/\/www.portalmantena.com.br\/novo\/wp-content\/uploads\/2017\/06\/no190617mundo1.jpg\"><img loading=\"lazy\" class=\"alignnone size-full wp-image-9226\" src=\"http:\/\/www.portalmantena.com.br\/novo\/wp-content\/uploads\/2017\/06\/no190617mundo1.jpg\" alt=\"\" width=\"700\" height=\"450\" srcset=\"http:\/\/www.portalmantena.com.br\/novo\/wp-content\/uploads\/2017\/06\/no190617mundo1.jpg 700w, http:\/\/www.portalmantena.com.br\/novo\/wp-content\/uploads\/2017\/06\/no190617mundo1-300x193.jpg 300w, http:\/\/www.portalmantena.com.br\/novo\/wp-content\/uploads\/2017\/06\/no190617mundo1-696x447.jpg 696w, http:\/\/www.portalmantena.com.br\/novo\/wp-content\/uploads\/2017\/06\/no190617mundo1-653x420.jpg 653w\" sizes=\"(max-width: 700px) 100vw, 700px\" \/><\/a><\/p>\n<p><span style=\"font-size: 14pt;\">Foi transferida neste domingo para o Hospital Jo\u00e3o XXIII, em Belo Horizonte, uma crian\u00e7a de 7 anos que foi eletrocutada ao escalar um poste de energia el\u00e9trica no s\u00e1bado na zona rural de Minas Novas, no Vale do Jequitinhonha.\u00a0<\/span><\/p>\n<p><span style=\"font-size: 14pt;\">O acidente ocorreu no fim da manh\u00e3 ma Comunidade do Palmeiras, a cerca de 15 quil\u00f4metros da cidade.\u00a0 Segundo a Pol\u00edcia Militar (PM), a menina estava acompanhada da tia, que tem 14 anos e do irm\u00e3o, de 10. A adolescente estava levando as crian\u00e7as para a casa dos pais deles. <\/span><\/p>\n<p><span style=\"font-size: 14pt;\">Ela contou que, em determinado momento, a menina se afastou e come\u00e7ou a subir em um poste. Ela mandou a crian\u00e7a descer, mas ela n\u00e3o obedeceu. Ao chegar ao topo, ela segurou em um cabo e caiu ao receber uma descarga el\u00e9trica.\u00a0(fonte:portaluai\/foto: CBMMG\/Divulga\u00e7\u00e3o)<\/span><\/p>\n","protected":false},"excerpt":{"rendered":"<p>Foi transferida neste domingo para o Hospital Jo\u00e3o XXIII, em Belo Horizonte, uma crian\u00e7a de 7 anos que foi eletrocutada ao escalar um poste de energia el\u00e9trica no s\u00e1bado na zona rural de Minas Novas, no Vale do Jequitinhonha.\u00a0 O acidente ocorreu no fim da manh\u00e3 ma Comunidade do Palmeiras, a cerca de 15 quil\u00f4metros [&hellip;]<\/p>\n","protected":false},"author":1,"featured_media":9226,"comment_status":"open","ping_status":"open","sticky":false,"template":"","format":"standard","meta":[],"categories":[51],"tags":[],"_links":{"self":[{"href":"http:\/\/www.portalmantena.com.br\/novo\/index.php?rest_route=\/wp\/v2\/posts\/9224"}],"collection":[{"href":"http:\/\/www.portalmantena.com.br\/novo\/index.php?rest_route=\/wp\/v2\/posts"}],"about":[{"href":"http:\/\/www.portalmantena.com.br\/novo\/index.php?rest_route=\/wp\/v2\/types\/post"}],"author":[{"embeddable":true,"href":"http:\/\/www.portalmantena.com.br\/novo\/index.php?rest_route=\/wp\/v2\/users\/1"}],"replies":[{"embeddable":true,"href":"http:\/\/www.portalmantena.com.br\/novo\/index.php?rest_route=%2Fwp%2Fv2%2Fcomments&post=9224"}],"version-history":[{"count":1,"href":"http:\/\/www.portalmantena.com.br\/novo\/index.php?rest_route=\/wp\/v2\/posts\/9224\/revisions"}],"predecessor-version":[{"id":9227,"href":"http:\/\/www.portalmantena.com.br\/novo\/index.php?rest_route=\/wp\/v2\/posts\/9224\/revisions\/9227"}],"wp:featuredmedia":[{"embeddable":true,"href":"http:\/\/www.portalmantena.com.br\/novo\/index.php?rest_route=\/wp\/v2\/media\/9226"}],"wp:attachment":[{"href":"http:\/\/www.portalmantena.com.br\/novo\/index.php?rest_route=%2Fwp%2Fv2%2Fmedia&parent=9224"}],"wp:term":[{"taxonomy":"category","embeddable":true,"href":"http:\/\/www.portalmantena.com.br\/novo\/index.php?rest_route=%2Fwp%2Fv2%2Fcategories&post=9224"},{"taxonomy":"post_tag","embeddable":true,"href":"http:\/\/www.portalmantena.com.br\/novo\/index.php?rest_route=%2Fwp%2Fv2%2Ftags&post=9224"}],"curies":[{"name":"wp","href":"https:\/\/api.w.org\/{rel}","templated":true}]}}