{"id":9191,"date":"2017-06-19T12:37:21","date_gmt":"2017-06-19T15:37:21","guid":{"rendered":"http:\/\/www.portalmantena.com.br\/novo\/?p=9191"},"modified":"2017-06-19T10:14:00","modified_gmt":"2017-06-19T13:14:00","slug":"jovem-de-22-anos-e-morto-com-5-tiros-na-cabeca-na-disputa-de-venda-de-drogas","status":"publish","type":"post","link":"http:\/\/www.portalmantena.com.br\/novo\/?p=9191","title":{"rendered":"Jovem de 22 anos \u00e9 morto com 5 tiros na cabe\u00e7a na disputa de venda de drogas"},"content":{"rendered":"<p><span style=\"font-size: 14pt;\">Um jovem de 22 anos foi morto com cinco tiros na cabe\u00e7a na cidade de Governador Valadares, nesse domingo dia 18 de Junho. Segundo a Pol\u00edcia Militar, o autor do homic\u00eddio \u00e9 um primo da v\u00edtima, de 18 anos, que ainda n\u00e3o foi preso. <\/span><\/p>\n<p><span style=\"font-size: 14pt;\">Ainda segundo a PM, o primo era de uma gangue rival e matou o jovem por causa de uma disputa de vendas de drogas e armas na regi\u00e3o. A v\u00edtima estava em casa, no Bairro Carapina, quando foi surpreendida pelo autor, que chegou atirando. <\/span><\/p>\n<p><span style=\"font-size: 14pt;\">O corpo do jovem foi levado ao Instituto M\u00e9dico Legal da cidade. (fonte:g1)<\/span><\/p>\n","protected":false},"excerpt":{"rendered":"<p>Um jovem de 22 anos foi morto com cinco tiros na cabe\u00e7a na cidade de Governador Valadares, nesse domingo dia 18 de Junho. Segundo a Pol\u00edcia Militar, o autor do homic\u00eddio \u00e9 um primo da v\u00edtima, de 18 anos, que ainda n\u00e3o foi preso. Ainda segundo a PM, o primo era de uma gangue rival [&hellip;]<\/p>\n","protected":false},"author":1,"featured_media":0,"comment_status":"open","ping_status":"open","sticky":false,"template":"","format":"standard","meta":[],"categories":[24],"tags":[],"_links":{"self":[{"href":"http:\/\/www.portalmantena.com.br\/novo\/index.php?rest_route=\/wp\/v2\/posts\/9191"}],"collection":[{"href":"http:\/\/www.portalmantena.com.br\/novo\/index.php?rest_route=\/wp\/v2\/posts"}],"about":[{"href":"http:\/\/www.portalmantena.com.br\/novo\/index.php?rest_route=\/wp\/v2\/types\/post"}],"author":[{"embeddable":true,"href":"http:\/\/www.portalmantena.com.br\/novo\/index.php?rest_route=\/wp\/v2\/users\/1"}],"replies":[{"embeddable":true,"href":"http:\/\/www.portalmantena.com.br\/novo\/index.php?rest_route=%2Fwp%2Fv2%2Fcomments&post=9191"}],"version-history":[{"count":1,"href":"http:\/\/www.portalmantena.com.br\/novo\/index.php?rest_route=\/wp\/v2\/posts\/9191\/revisions"}],"predecessor-version":[{"id":9192,"href":"http:\/\/www.portalmantena.com.br\/novo\/index.php?rest_route=\/wp\/v2\/posts\/9191\/revisions\/9192"}],"wp:attachment":[{"href":"http:\/\/www.portalmantena.com.br\/novo\/index.php?rest_route=%2Fwp%2Fv2%2Fmedia&parent=9191"}],"wp:term":[{"taxonomy":"category","embeddable":true,"href":"http:\/\/www.portalmantena.com.br\/novo\/index.php?rest_route=%2Fwp%2Fv2%2Fcategories&post=9191"},{"taxonomy":"post_tag","embeddable":true,"href":"http:\/\/www.portalmantena.com.br\/novo\/index.php?rest_route=%2Fwp%2Fv2%2Ftags&post=9191"}],"curies":[{"name":"wp","href":"https:\/\/api.w.org\/{rel}","templated":true}]}}