{"id":9025,"date":"2017-06-16T09:54:15","date_gmt":"2017-06-16T12:54:15","guid":{"rendered":"http:\/\/www.portalmantena.com.br\/novo\/?p=9025"},"modified":"2017-06-16T09:54:15","modified_gmt":"2017-06-16T12:54:15","slug":"mais-de-8-mil-casos-de-dengue-sao-registrados-no-es-este-ano","status":"publish","type":"post","link":"http:\/\/www.portalmantena.com.br\/novo\/?p=9025","title":{"rendered":"Mais de 8 mil casos de dengue s\u00e3o registrados no ES este ano"},"content":{"rendered":"<p><span style=\"font-size: 14pt;\">O estado do Esp\u00edrito Santo j\u00e1 registrou desde o in\u00edcio deste ano de 2017, cerca de 8.019 casos de dengue, de acordo com o \u00faltimo boletim divulgado nesta quarta-feira (14) pela Secretaria de Estado da Sa\u00fade (Sesa). Destes, 220 s\u00e3o casos graves da doen\u00e7a e 15 s\u00e3o mortes sob investiga\u00e7\u00e3o. Foram 140 entre os dias 4 e 10 de junho, inferior se comparado aos 197 casos registrados na semana anterior. <\/span><\/p>\n<p><span style=\"font-size: 14pt;\">O maior n\u00famero de notifica\u00e7\u00f5es do ano foi registrada entre os dia 5 e 18 de mar\u00e7o, quando 1.092 pessoas ficaram doentes. <\/span><\/p>\n<p><span style=\"font-size: 14pt;\">O munic\u00edpio com maior incid\u00eancia da doen\u00e7a nas \u00faltimas quatro semanas foi Barra de S\u00e3o Francisco.<\/span><\/p>\n","protected":false},"excerpt":{"rendered":"<p>O estado do Esp\u00edrito Santo j\u00e1 registrou desde o in\u00edcio deste ano de 2017, cerca de 8.019 casos de dengue, de acordo com o \u00faltimo boletim divulgado nesta quarta-feira (14) pela Secretaria de Estado da Sa\u00fade (Sesa). Destes, 220 s\u00e3o casos graves da doen\u00e7a e 15 s\u00e3o mortes sob investiga\u00e7\u00e3o. Foram 140 entre os dias [&hellip;]<\/p>\n","protected":false},"author":1,"featured_media":0,"comment_status":"open","ping_status":"open","sticky":false,"template":"","format":"standard","meta":[],"categories":[24],"tags":[],"_links":{"self":[{"href":"http:\/\/www.portalmantena.com.br\/novo\/index.php?rest_route=\/wp\/v2\/posts\/9025"}],"collection":[{"href":"http:\/\/www.portalmantena.com.br\/novo\/index.php?rest_route=\/wp\/v2\/posts"}],"about":[{"href":"http:\/\/www.portalmantena.com.br\/novo\/index.php?rest_route=\/wp\/v2\/types\/post"}],"author":[{"embeddable":true,"href":"http:\/\/www.portalmantena.com.br\/novo\/index.php?rest_route=\/wp\/v2\/users\/1"}],"replies":[{"embeddable":true,"href":"http:\/\/www.portalmantena.com.br\/novo\/index.php?rest_route=%2Fwp%2Fv2%2Fcomments&post=9025"}],"version-history":[{"count":1,"href":"http:\/\/www.portalmantena.com.br\/novo\/index.php?rest_route=\/wp\/v2\/posts\/9025\/revisions"}],"predecessor-version":[{"id":9026,"href":"http:\/\/www.portalmantena.com.br\/novo\/index.php?rest_route=\/wp\/v2\/posts\/9025\/revisions\/9026"}],"wp:attachment":[{"href":"http:\/\/www.portalmantena.com.br\/novo\/index.php?rest_route=%2Fwp%2Fv2%2Fmedia&parent=9025"}],"wp:term":[{"taxonomy":"category","embeddable":true,"href":"http:\/\/www.portalmantena.com.br\/novo\/index.php?rest_route=%2Fwp%2Fv2%2Fcategories&post=9025"},{"taxonomy":"post_tag","embeddable":true,"href":"http:\/\/www.portalmantena.com.br\/novo\/index.php?rest_route=%2Fwp%2Fv2%2Ftags&post=9025"}],"curies":[{"name":"wp","href":"https:\/\/api.w.org\/{rel}","templated":true}]}}