{"id":8777,"date":"2017-06-14T10:14:04","date_gmt":"2017-06-14T13:14:04","guid":{"rendered":"http:\/\/www.portalmantena.com.br\/novo\/?p=8777"},"modified":"2017-06-14T10:14:04","modified_gmt":"2017-06-14T13:14:04","slug":"motociclista-morreu-ao-bater-de-frente-com-veiculo-na-regiao","status":"publish","type":"post","link":"http:\/\/www.portalmantena.com.br\/novo\/?p=8777","title":{"rendered":"Motociclista morreu ao bater de frente com ve\u00edculo na regi\u00e3o"},"content":{"rendered":"<p><a href=\"http:\/\/www.portalmantena.com.br\/novo\/wp-content\/uploads\/2017\/06\/no140617aci4.jpg\"><img loading=\"lazy\" class=\"alignnone size-full wp-image-8778\" src=\"http:\/\/www.portalmantena.com.br\/novo\/wp-content\/uploads\/2017\/06\/no140617aci4.jpg\" alt=\"\" width=\"700\" height=\"450\" srcset=\"http:\/\/www.portalmantena.com.br\/novo\/wp-content\/uploads\/2017\/06\/no140617aci4.jpg 700w, http:\/\/www.portalmantena.com.br\/novo\/wp-content\/uploads\/2017\/06\/no140617aci4-300x193.jpg 300w, http:\/\/www.portalmantena.com.br\/novo\/wp-content\/uploads\/2017\/06\/no140617aci4-696x447.jpg 696w, http:\/\/www.portalmantena.com.br\/novo\/wp-content\/uploads\/2017\/06\/no140617aci4-653x420.jpg 653w\" sizes=\"(max-width: 700px) 100vw, 700px\" \/><\/a><\/p>\n<p><span style=\"font-size: 14pt;\">Aumentando a estat\u00edstica dos acidentes fatais envolvendo motos na regi\u00e3o, na tarde do \u00faltimo s\u00e1bado dia 10 de Junho, mais um destes tr\u00e1gicos acidentes foi registrado na regi\u00e3o. Segundo informa\u00e7\u00f5es, uma pessoa morreu em um grave acidente envolvendo uma moto e um carro na rodovia ES 080, no trecho entre Vila Nelita e Santo Agostinho, distritos de \u00c1gua Doce do Norte. <\/span><\/p>\n<p><span style=\"font-size: 14pt;\">O acidente vitimou o Sr. Valteir Louren\u00e7o da Silva, morador de Santo Agostinho, ele estava pilotando sua moto quando bateu de frente com um ve\u00edculo que seguia em sentido contr\u00e1rio. Com o impacto da batida, Valteir foi lan\u00e7ado por cima do carro, n\u00e3o resistiu aos ferimentos e morreu no local. <\/span><\/p>\n<p><span style=\"font-size: 14pt;\">A viol\u00eancia do impacto se percebe na estrutura danificada dos dois ve\u00edculos.A pol\u00edcia foi acionada e isolou o local at\u00e9 a chegada da per\u00edcia. Valteir trabalhava no Supermercado Sp\u00edndola e era filho do Sr. Vantuil Alves de Oliveira. Ele deixa esposa e dois filhos. (Com informa\u00e7\u00f5es de Marcelo Leite)<\/span><\/p>\n<p><a href=\"http:\/\/www.portalmantena.com.br\/novo\/wp-content\/uploads\/2017\/06\/no140617aci5.jpg\"><img loading=\"lazy\" class=\"alignnone size-full wp-image-8779\" src=\"http:\/\/www.portalmantena.com.br\/novo\/wp-content\/uploads\/2017\/06\/no140617aci5.jpg\" alt=\"\" width=\"700\" height=\"450\" srcset=\"http:\/\/www.portalmantena.com.br\/novo\/wp-content\/uploads\/2017\/06\/no140617aci5.jpg 700w, http:\/\/www.portalmantena.com.br\/novo\/wp-content\/uploads\/2017\/06\/no140617aci5-300x193.jpg 300w, http:\/\/www.portalmantena.com.br\/novo\/wp-content\/uploads\/2017\/06\/no140617aci5-696x447.jpg 696w, http:\/\/www.portalmantena.com.br\/novo\/wp-content\/uploads\/2017\/06\/no140617aci5-653x420.jpg 653w\" sizes=\"(max-width: 700px) 100vw, 700px\" \/><\/a><\/p>\n","protected":false},"excerpt":{"rendered":"<p>Aumentando a estat\u00edstica dos acidentes fatais envolvendo motos na regi\u00e3o, na tarde do \u00faltimo s\u00e1bado dia 10 de Junho, mais um destes tr\u00e1gicos acidentes foi registrado na regi\u00e3o. Segundo informa\u00e7\u00f5es, uma pessoa morreu em um grave acidente envolvendo uma moto e um carro na rodovia ES 080, no trecho entre Vila Nelita e Santo Agostinho, [&hellip;]<\/p>\n","protected":false},"author":1,"featured_media":8779,"comment_status":"open","ping_status":"open","sticky":false,"template":"","format":"standard","meta":[],"categories":[11,39],"tags":[],"_links":{"self":[{"href":"http:\/\/www.portalmantena.com.br\/novo\/index.php?rest_route=\/wp\/v2\/posts\/8777"}],"collection":[{"href":"http:\/\/www.portalmantena.com.br\/novo\/index.php?rest_route=\/wp\/v2\/posts"}],"about":[{"href":"http:\/\/www.portalmantena.com.br\/novo\/index.php?rest_route=\/wp\/v2\/types\/post"}],"author":[{"embeddable":true,"href":"http:\/\/www.portalmantena.com.br\/novo\/index.php?rest_route=\/wp\/v2\/users\/1"}],"replies":[{"embeddable":true,"href":"http:\/\/www.portalmantena.com.br\/novo\/index.php?rest_route=%2Fwp%2Fv2%2Fcomments&post=8777"}],"version-history":[{"count":1,"href":"http:\/\/www.portalmantena.com.br\/novo\/index.php?rest_route=\/wp\/v2\/posts\/8777\/revisions"}],"predecessor-version":[{"id":8780,"href":"http:\/\/www.portalmantena.com.br\/novo\/index.php?rest_route=\/wp\/v2\/posts\/8777\/revisions\/8780"}],"wp:featuredmedia":[{"embeddable":true,"href":"http:\/\/www.portalmantena.com.br\/novo\/index.php?rest_route=\/wp\/v2\/media\/8779"}],"wp:attachment":[{"href":"http:\/\/www.portalmantena.com.br\/novo\/index.php?rest_route=%2Fwp%2Fv2%2Fmedia&parent=8777"}],"wp:term":[{"taxonomy":"category","embeddable":true,"href":"http:\/\/www.portalmantena.com.br\/novo\/index.php?rest_route=%2Fwp%2Fv2%2Fcategories&post=8777"},{"taxonomy":"post_tag","embeddable":true,"href":"http:\/\/www.portalmantena.com.br\/novo\/index.php?rest_route=%2Fwp%2Fv2%2Ftags&post=8777"}],"curies":[{"name":"wp","href":"https:\/\/api.w.org\/{rel}","templated":true}]}}