{"id":8769,"date":"2017-06-14T09:59:28","date_gmt":"2017-06-14T12:59:28","guid":{"rendered":"http:\/\/www.portalmantena.com.br\/novo\/?p=8769"},"modified":"2017-06-14T09:59:28","modified_gmt":"2017-06-14T12:59:28","slug":"motorista-perde-controle-da-direcao-e-capota-na-259","status":"publish","type":"post","link":"http:\/\/www.portalmantena.com.br\/novo\/?p=8769","title":{"rendered":"Motorista perde controle da dire\u00e7\u00e3o e capota na 259"},"content":{"rendered":"<p><a href=\"http:\/\/www.portalmantena.com.br\/novo\/wp-content\/uploads\/2017\/06\/no140617aci1.jpg\"><img loading=\"lazy\" class=\"alignnone size-full wp-image-8770\" src=\"http:\/\/www.portalmantena.com.br\/novo\/wp-content\/uploads\/2017\/06\/no140617aci1.jpg\" alt=\"\" width=\"700\" height=\"450\" srcset=\"http:\/\/www.portalmantena.com.br\/novo\/wp-content\/uploads\/2017\/06\/no140617aci1.jpg 700w, http:\/\/www.portalmantena.com.br\/novo\/wp-content\/uploads\/2017\/06\/no140617aci1-300x193.jpg 300w, http:\/\/www.portalmantena.com.br\/novo\/wp-content\/uploads\/2017\/06\/no140617aci1-696x447.jpg 696w, http:\/\/www.portalmantena.com.br\/novo\/wp-content\/uploads\/2017\/06\/no140617aci1-653x420.jpg 653w\" sizes=\"(max-width: 700px) 100vw, 700px\" \/><\/a><\/p>\n<p><span style=\"font-size: 14pt;\">Um grave acidente foi registrado pela Pol\u00edcia Militar Rodovi\u00e1ria, na altura do KM 73 da BR 259, pr\u00f3ximo do munic\u00edpio de Conselheiro Pena nesta segunda-feira dia 12 de Junho. Quando os militares chegaram ao local do acidente, encontraram o Fiat Uno com placas de Vit\u00f3ria-ES, conduzido por um homem de 68 anos no meio da rodovia. <\/span><\/p>\n<p><span style=\"font-size: 14pt;\">Segundo o condutor, como consta no Boletim de Ocorr\u00eancia, ele\u00a0trafegava com destino a Te\u00f3filo Otoni, em determinado momento uma carreta veio a ultrapass\u00e1-lo e sentiu que seu ve\u00edculo ficou leve e balan\u00e7ou de um lado para o outro. Neste momento o motorista do Fiat perdeu o controle da dire\u00e7\u00e3o e capotou. <\/span><\/p>\n<p><span style=\"font-size: 14pt;\">A esposa que estava no ve\u00edculo, foi socorrida pela ambul\u00e2ncia do munic\u00edpio para o hospital de Conselheiro Pena com v\u00e1rios ferimentos. Posteriormente foram encaminhados para o Hospital Regional de Governador Valadares, mas sem risco de morte.(fonte\/foto:noticiasnoleste)<\/span><\/p>\n<p><a href=\"http:\/\/www.portalmantena.com.br\/novo\/wp-content\/uploads\/2017\/06\/no140617aci2.jpg\"><img loading=\"lazy\" class=\"alignnone size-full wp-image-8771\" src=\"http:\/\/www.portalmantena.com.br\/novo\/wp-content\/uploads\/2017\/06\/no140617aci2.jpg\" alt=\"\" width=\"700\" height=\"450\" srcset=\"http:\/\/www.portalmantena.com.br\/novo\/wp-content\/uploads\/2017\/06\/no140617aci2.jpg 700w, http:\/\/www.portalmantena.com.br\/novo\/wp-content\/uploads\/2017\/06\/no140617aci2-300x193.jpg 300w, http:\/\/www.portalmantena.com.br\/novo\/wp-content\/uploads\/2017\/06\/no140617aci2-696x447.jpg 696w, http:\/\/www.portalmantena.com.br\/novo\/wp-content\/uploads\/2017\/06\/no140617aci2-653x420.jpg 653w\" sizes=\"(max-width: 700px) 100vw, 700px\" \/><\/a> <a href=\"http:\/\/www.portalmantena.com.br\/novo\/wp-content\/uploads\/2017\/06\/no140617aci3.jpg\"><img loading=\"lazy\" class=\"alignnone size-full wp-image-8772\" src=\"http:\/\/www.portalmantena.com.br\/novo\/wp-content\/uploads\/2017\/06\/no140617aci3.jpg\" alt=\"\" width=\"700\" height=\"450\" srcset=\"http:\/\/www.portalmantena.com.br\/novo\/wp-content\/uploads\/2017\/06\/no140617aci3.jpg 700w, http:\/\/www.portalmantena.com.br\/novo\/wp-content\/uploads\/2017\/06\/no140617aci3-300x193.jpg 300w, http:\/\/www.portalmantena.com.br\/novo\/wp-content\/uploads\/2017\/06\/no140617aci3-696x447.jpg 696w, http:\/\/www.portalmantena.com.br\/novo\/wp-content\/uploads\/2017\/06\/no140617aci3-653x420.jpg 653w\" sizes=\"(max-width: 700px) 100vw, 700px\" \/><\/a><\/p>\n","protected":false},"excerpt":{"rendered":"<p>Um grave acidente foi registrado pela Pol\u00edcia Militar Rodovi\u00e1ria, na altura do KM 73 da BR 259, pr\u00f3ximo do munic\u00edpio de Conselheiro Pena nesta segunda-feira dia 12 de Junho. Quando os militares chegaram ao local do acidente, encontraram o Fiat Uno com placas de Vit\u00f3ria-ES, conduzido por um homem de 68 anos no meio da [&hellip;]<\/p>\n","protected":false},"author":1,"featured_media":8772,"comment_status":"open","ping_status":"open","sticky":false,"template":"","format":"standard","meta":[],"categories":[11,39],"tags":[],"_links":{"self":[{"href":"http:\/\/www.portalmantena.com.br\/novo\/index.php?rest_route=\/wp\/v2\/posts\/8769"}],"collection":[{"href":"http:\/\/www.portalmantena.com.br\/novo\/index.php?rest_route=\/wp\/v2\/posts"}],"about":[{"href":"http:\/\/www.portalmantena.com.br\/novo\/index.php?rest_route=\/wp\/v2\/types\/post"}],"author":[{"embeddable":true,"href":"http:\/\/www.portalmantena.com.br\/novo\/index.php?rest_route=\/wp\/v2\/users\/1"}],"replies":[{"embeddable":true,"href":"http:\/\/www.portalmantena.com.br\/novo\/index.php?rest_route=%2Fwp%2Fv2%2Fcomments&post=8769"}],"version-history":[{"count":1,"href":"http:\/\/www.portalmantena.com.br\/novo\/index.php?rest_route=\/wp\/v2\/posts\/8769\/revisions"}],"predecessor-version":[{"id":8773,"href":"http:\/\/www.portalmantena.com.br\/novo\/index.php?rest_route=\/wp\/v2\/posts\/8769\/revisions\/8773"}],"wp:featuredmedia":[{"embeddable":true,"href":"http:\/\/www.portalmantena.com.br\/novo\/index.php?rest_route=\/wp\/v2\/media\/8772"}],"wp:attachment":[{"href":"http:\/\/www.portalmantena.com.br\/novo\/index.php?rest_route=%2Fwp%2Fv2%2Fmedia&parent=8769"}],"wp:term":[{"taxonomy":"category","embeddable":true,"href":"http:\/\/www.portalmantena.com.br\/novo\/index.php?rest_route=%2Fwp%2Fv2%2Fcategories&post=8769"},{"taxonomy":"post_tag","embeddable":true,"href":"http:\/\/www.portalmantena.com.br\/novo\/index.php?rest_route=%2Fwp%2Fv2%2Ftags&post=8769"}],"curies":[{"name":"wp","href":"https:\/\/api.w.org\/{rel}","templated":true}]}}