{"id":8440,"date":"2017-06-09T08:15:28","date_gmt":"2017-06-09T11:15:28","guid":{"rendered":"http:\/\/www.portalmantena.com.br\/novo\/?p=8440"},"modified":"2017-06-09T08:15:28","modified_gmt":"2017-06-09T11:15:28","slug":"mulheres-sao-detidas-acusadas-de-furtar-lojas-em-mantena","status":"publish","type":"post","link":"http:\/\/www.portalmantena.com.br\/novo\/?p=8440","title":{"rendered":"Mulheres s\u00e3o detidas acusadas de furtar lojas em Mantena"},"content":{"rendered":"<p><a href=\"http:\/\/www.portalmantena.com.br\/novo\/wp-content\/uploads\/2017\/06\/no090617roupa1.jpg\"><img loading=\"lazy\" class=\"alignnone size-full wp-image-8441\" src=\"http:\/\/www.portalmantena.com.br\/novo\/wp-content\/uploads\/2017\/06\/no090617roupa1.jpg\" alt=\"\" width=\"700\" height=\"450\" srcset=\"http:\/\/www.portalmantena.com.br\/novo\/wp-content\/uploads\/2017\/06\/no090617roupa1.jpg 700w, http:\/\/www.portalmantena.com.br\/novo\/wp-content\/uploads\/2017\/06\/no090617roupa1-300x193.jpg 300w, http:\/\/www.portalmantena.com.br\/novo\/wp-content\/uploads\/2017\/06\/no090617roupa1-696x447.jpg 696w, http:\/\/www.portalmantena.com.br\/novo\/wp-content\/uploads\/2017\/06\/no090617roupa1-653x420.jpg 653w\" sizes=\"(max-width: 700px) 100vw, 700px\" \/><\/a><\/p>\n<p><span style=\"font-size: 14pt;\">A Pol\u00edcia Militar foi acionada por comerciantes do Centro de Mantena, que relataram que duas mulheres estariam praticando furtos nas lojas. De posse das informa\u00e7\u00f5es, uma equipe conseguiu localizar as acusadas dentro de um estabelecimento na rua Jos\u00e9 Mol. <\/span><\/p>\n<p><span style=\"font-size: 14pt;\">Ao ser feita uma abordagem e busca nas bolsas que portavam, os militares localizaram diversos materiais entre roupas e utens\u00edlios dom\u00e9sticos. Ap\u00f3s ser feito contato em diversos estabelecimentos, a Pol\u00edcia Militar conseguiu identificar que as suspeitas furtaram os materiais em 03 locais diferentes. <\/span><\/p>\n<p><span style=\"font-size: 14pt;\">O que chama a aten\u00e7\u00e3o \u00e9 que elas furtaram objetos caros, como roupas de marca no valor de aproximadamente R$ 500,00 reais, 02 embalagens de bombons caros entre outros objetos. Uma autora \u00e9 menor de idade e a outra, de 21 anos foi presa e encaminhada pela Pol\u00edcia Civil ao presidio de Mantena.<\/span><\/p>\n<p><a href=\"http:\/\/www.portalmantena.com.br\/novo\/wp-content\/uploads\/2017\/06\/no090617roupa2.jpg\"><img loading=\"lazy\" class=\"alignnone size-full wp-image-8442\" src=\"http:\/\/www.portalmantena.com.br\/novo\/wp-content\/uploads\/2017\/06\/no090617roupa2.jpg\" alt=\"\" width=\"700\" height=\"450\" srcset=\"http:\/\/www.portalmantena.com.br\/novo\/wp-content\/uploads\/2017\/06\/no090617roupa2.jpg 700w, http:\/\/www.portalmantena.com.br\/novo\/wp-content\/uploads\/2017\/06\/no090617roupa2-300x193.jpg 300w, http:\/\/www.portalmantena.com.br\/novo\/wp-content\/uploads\/2017\/06\/no090617roupa2-696x447.jpg 696w, http:\/\/www.portalmantena.com.br\/novo\/wp-content\/uploads\/2017\/06\/no090617roupa2-653x420.jpg 653w\" sizes=\"(max-width: 700px) 100vw, 700px\" \/><\/a><\/p>\n","protected":false},"excerpt":{"rendered":"<p>A Pol\u00edcia Militar foi acionada por comerciantes do Centro de Mantena, que relataram que duas mulheres estariam praticando furtos nas lojas. De posse das informa\u00e7\u00f5es, uma equipe conseguiu localizar as acusadas dentro de um estabelecimento na rua Jos\u00e9 Mol. Ao ser feita uma abordagem e busca nas bolsas que portavam, os militares localizaram diversos materiais [&hellip;]<\/p>\n","protected":false},"author":1,"featured_media":8441,"comment_status":"open","ping_status":"open","sticky":false,"template":"","format":"standard","meta":[],"categories":[11,34],"tags":[],"_links":{"self":[{"href":"http:\/\/www.portalmantena.com.br\/novo\/index.php?rest_route=\/wp\/v2\/posts\/8440"}],"collection":[{"href":"http:\/\/www.portalmantena.com.br\/novo\/index.php?rest_route=\/wp\/v2\/posts"}],"about":[{"href":"http:\/\/www.portalmantena.com.br\/novo\/index.php?rest_route=\/wp\/v2\/types\/post"}],"author":[{"embeddable":true,"href":"http:\/\/www.portalmantena.com.br\/novo\/index.php?rest_route=\/wp\/v2\/users\/1"}],"replies":[{"embeddable":true,"href":"http:\/\/www.portalmantena.com.br\/novo\/index.php?rest_route=%2Fwp%2Fv2%2Fcomments&post=8440"}],"version-history":[{"count":1,"href":"http:\/\/www.portalmantena.com.br\/novo\/index.php?rest_route=\/wp\/v2\/posts\/8440\/revisions"}],"predecessor-version":[{"id":8443,"href":"http:\/\/www.portalmantena.com.br\/novo\/index.php?rest_route=\/wp\/v2\/posts\/8440\/revisions\/8443"}],"wp:featuredmedia":[{"embeddable":true,"href":"http:\/\/www.portalmantena.com.br\/novo\/index.php?rest_route=\/wp\/v2\/media\/8441"}],"wp:attachment":[{"href":"http:\/\/www.portalmantena.com.br\/novo\/index.php?rest_route=%2Fwp%2Fv2%2Fmedia&parent=8440"}],"wp:term":[{"taxonomy":"category","embeddable":true,"href":"http:\/\/www.portalmantena.com.br\/novo\/index.php?rest_route=%2Fwp%2Fv2%2Fcategories&post=8440"},{"taxonomy":"post_tag","embeddable":true,"href":"http:\/\/www.portalmantena.com.br\/novo\/index.php?rest_route=%2Fwp%2Fv2%2Ftags&post=8440"}],"curies":[{"name":"wp","href":"https:\/\/api.w.org\/{rel}","templated":true}]}}