{"id":8061,"date":"2017-06-05T11:34:12","date_gmt":"2017-06-05T14:34:12","guid":{"rendered":"http:\/\/www.portalmantena.com.br\/novo\/?p=8061"},"modified":"2017-06-05T11:16:58","modified_gmt":"2017-06-05T14:16:58","slug":"governador-capixaba-esteve-em-sao-francisco-e-ouviu-varias-reivindicacoes","status":"publish","type":"post","link":"http:\/\/www.portalmantena.com.br\/novo\/?p=8061","title":{"rendered":"Governador capixaba esteve em S\u00e3o Francisco e ouviu v\u00e1rias reivindica\u00e7\u00f5es"},"content":{"rendered":"<p><a href=\"http:\/\/www.portalmantena.com.br\/novo\/wp-content\/uploads\/2017\/06\/no050617governo1.jpg\"><img loading=\"lazy\" class=\"alignnone size-full wp-image-8062\" src=\"http:\/\/www.portalmantena.com.br\/novo\/wp-content\/uploads\/2017\/06\/no050617governo1.jpg\" alt=\"\" width=\"700\" height=\"450\" srcset=\"http:\/\/www.portalmantena.com.br\/novo\/wp-content\/uploads\/2017\/06\/no050617governo1.jpg 700w, http:\/\/www.portalmantena.com.br\/novo\/wp-content\/uploads\/2017\/06\/no050617governo1-300x193.jpg 300w, http:\/\/www.portalmantena.com.br\/novo\/wp-content\/uploads\/2017\/06\/no050617governo1-696x447.jpg 696w, http:\/\/www.portalmantena.com.br\/novo\/wp-content\/uploads\/2017\/06\/no050617governo1-653x420.jpg 653w\" sizes=\"(max-width: 700px) 100vw, 700px\" \/><\/a><\/p>\n<p style=\"background: white; margin: 0cm 0cm 4.5pt 0cm;\"><span style=\"font-size: 14pt; font-family: tahoma, arial, helvetica, sans-serif; color: #1d2129;\">Na \u00faltima quinta-feira dia 1\u00ba de junho, um encontro reuniu na cidade de Barra de S\u00e3o Francisco o Governador capixaba Paulo Hartung, Secret\u00e1rios de Estados, Deputados, Enivaldo dos Anjos, Padre Hon\u00f3rio e Raquel Lessa, v\u00e1rios prefeitos e Vereadores da regi\u00e3o norte, com a presen\u00e7a do prefeito de Mantena Jo\u00e3o Rufino, tamb\u00e9m do comandante da Policia Militar Coronel Luciano Suave, Corpo de Bombeiros e o Capit\u00e3o Malacarne.<\/span><\/p>\n<p style=\"background: white; margin: 0cm 0cm 4.5pt 0cm;\">\n<p style=\"background: white; margin: 0cm 0cm 4.5pt 0cm;\"><span style=\"font-size: 14pt; font-family: tahoma, arial, helvetica, sans-serif; color: #1d2129;\">Na oportunidade foi discutido o Plano de Desenvolvimento Econ\u00f4mico para Barra de S\u00e3o Francisco, onde o governador Pa<span class=\"textexposedshow\">ulo Hartung participou do semin\u00e1rio para discutir as pol\u00edticas p\u00fablicas de elabora\u00e7\u00e3o do Plano.<\/span> <\/span><\/p>\n<p style=\"background: white; margin: 0cm 0cm 4.5pt 0cm;\">\n<p style=\"background: white; margin: 0cm 0cm 4.5pt 0cm;\"><span style=\"font-size: 14pt; font-family: tahoma, arial, helvetica, sans-serif; color: #1d2129;\"><span class=\"textexposedshow\">O evento foi realizado pela prefeitura de Barra de S\u00e3o Francisco e contou com a presen\u00e7a de aproximadamente 300 pessoas entre autoridades, membros da sociedade lideran\u00e7as da regi\u00e3o, prefeitos e Vereadores de munic\u00edpios vizinhos. Foram momentos importantes para o desenvolvimento do munic\u00edpio como tamb\u00e9m da regi\u00e3o. <\/span><\/span><\/p>\n<p style=\"background: white; margin: 0cm 0cm 4.5pt 0cm;\">\n<p style=\"background: white; margin: 0cm 0cm 4.5pt 0cm;\"><span style=\"font-size: 14pt; font-family: tahoma, arial, helvetica, sans-serif; color: #1d2129;\"><span class=\"textexposedshow\">Algumas reuni\u00f5es envolvendo representantes de comunidades da regi\u00e3o com o governador tamb\u00e9m foram realizadas. Entre os assuntos tratados estava <\/span>a reivindica\u00e7\u00e3o de asfaltamento da rodovia ES 320, ligando Barra de S\u00e3o Francisco a Manten\u00f3polis, passando pelo distrito de Cachoeirinha de Ita\u00fanas. (com informa\u00e7\u00f5es e fotos Mazinho do hospital).<\/span><\/p>\n<p style=\"background: white; margin: 0cm 0cm 4.5pt 0cm;\">\n<p><a href=\"http:\/\/www.portalmantena.com.br\/novo\/wp-content\/uploads\/2017\/06\/no050617governo2.jpg\"><img loading=\"lazy\" class=\"alignnone size-full wp-image-8063\" src=\"http:\/\/www.portalmantena.com.br\/novo\/wp-content\/uploads\/2017\/06\/no050617governo2.jpg\" alt=\"\" width=\"700\" height=\"450\" srcset=\"http:\/\/www.portalmantena.com.br\/novo\/wp-content\/uploads\/2017\/06\/no050617governo2.jpg 700w, http:\/\/www.portalmantena.com.br\/novo\/wp-content\/uploads\/2017\/06\/no050617governo2-300x193.jpg 300w, http:\/\/www.portalmantena.com.br\/novo\/wp-content\/uploads\/2017\/06\/no050617governo2-696x447.jpg 696w, http:\/\/www.portalmantena.com.br\/novo\/wp-content\/uploads\/2017\/06\/no050617governo2-653x420.jpg 653w\" sizes=\"(max-width: 700px) 100vw, 700px\" \/><\/a> <a href=\"http:\/\/www.portalmantena.com.br\/novo\/wp-content\/uploads\/2017\/06\/no050617governo3.jpg\"><img loading=\"lazy\" class=\"alignnone size-full wp-image-8064\" src=\"http:\/\/www.portalmantena.com.br\/novo\/wp-content\/uploads\/2017\/06\/no050617governo3.jpg\" alt=\"\" width=\"700\" height=\"450\" srcset=\"http:\/\/www.portalmantena.com.br\/novo\/wp-content\/uploads\/2017\/06\/no050617governo3.jpg 700w, http:\/\/www.portalmantena.com.br\/novo\/wp-content\/uploads\/2017\/06\/no050617governo3-300x193.jpg 300w, http:\/\/www.portalmantena.com.br\/novo\/wp-content\/uploads\/2017\/06\/no050617governo3-696x447.jpg 696w, http:\/\/www.portalmantena.com.br\/novo\/wp-content\/uploads\/2017\/06\/no050617governo3-653x420.jpg 653w\" sizes=\"(max-width: 700px) 100vw, 700px\" \/><\/a> <a href=\"http:\/\/www.portalmantena.com.br\/novo\/wp-content\/uploads\/2017\/06\/no050617governo4.jpg\"><img loading=\"lazy\" class=\"alignnone size-full wp-image-8065\" src=\"http:\/\/www.portalmantena.com.br\/novo\/wp-content\/uploads\/2017\/06\/no050617governo4.jpg\" alt=\"\" width=\"700\" height=\"450\" srcset=\"http:\/\/www.portalmantena.com.br\/novo\/wp-content\/uploads\/2017\/06\/no050617governo4.jpg 700w, http:\/\/www.portalmantena.com.br\/novo\/wp-content\/uploads\/2017\/06\/no050617governo4-300x193.jpg 300w, http:\/\/www.portalmantena.com.br\/novo\/wp-content\/uploads\/2017\/06\/no050617governo4-696x447.jpg 696w, http:\/\/www.portalmantena.com.br\/novo\/wp-content\/uploads\/2017\/06\/no050617governo4-653x420.jpg 653w\" sizes=\"(max-width: 700px) 100vw, 700px\" \/><\/a> <a href=\"http:\/\/www.portalmantena.com.br\/novo\/wp-content\/uploads\/2017\/06\/no050617governo5.jpg\"><img loading=\"lazy\" class=\"alignnone size-full wp-image-8066\" src=\"http:\/\/www.portalmantena.com.br\/novo\/wp-content\/uploads\/2017\/06\/no050617governo5.jpg\" alt=\"\" width=\"700\" height=\"450\" srcset=\"http:\/\/www.portalmantena.com.br\/novo\/wp-content\/uploads\/2017\/06\/no050617governo5.jpg 700w, http:\/\/www.portalmantena.com.br\/novo\/wp-content\/uploads\/2017\/06\/no050617governo5-300x193.jpg 300w, http:\/\/www.portalmantena.com.br\/novo\/wp-content\/uploads\/2017\/06\/no050617governo5-696x447.jpg 696w, http:\/\/www.portalmantena.com.br\/novo\/wp-content\/uploads\/2017\/06\/no050617governo5-653x420.jpg 653w\" sizes=\"(max-width: 700px) 100vw, 700px\" \/><\/a> <a href=\"http:\/\/www.portalmantena.com.br\/novo\/wp-content\/uploads\/2017\/06\/no050617governo6.jpg\"><img loading=\"lazy\" class=\"alignnone size-full wp-image-8067\" src=\"http:\/\/www.portalmantena.com.br\/novo\/wp-content\/uploads\/2017\/06\/no050617governo6.jpg\" alt=\"\" width=\"700\" height=\"450\" srcset=\"http:\/\/www.portalmantena.com.br\/novo\/wp-content\/uploads\/2017\/06\/no050617governo6.jpg 700w, http:\/\/www.portalmantena.com.br\/novo\/wp-content\/uploads\/2017\/06\/no050617governo6-300x193.jpg 300w, http:\/\/www.portalmantena.com.br\/novo\/wp-content\/uploads\/2017\/06\/no050617governo6-696x447.jpg 696w, http:\/\/www.portalmantena.com.br\/novo\/wp-content\/uploads\/2017\/06\/no050617governo6-653x420.jpg 653w\" sizes=\"(max-width: 700px) 100vw, 700px\" \/><\/a> <a href=\"http:\/\/www.portalmantena.com.br\/novo\/wp-content\/uploads\/2017\/06\/no050617governo7.jpg\"><img loading=\"lazy\" class=\"alignnone size-full wp-image-8068\" src=\"http:\/\/www.portalmantena.com.br\/novo\/wp-content\/uploads\/2017\/06\/no050617governo7.jpg\" alt=\"\" width=\"700\" height=\"450\" srcset=\"http:\/\/www.portalmantena.com.br\/novo\/wp-content\/uploads\/2017\/06\/no050617governo7.jpg 700w, http:\/\/www.portalmantena.com.br\/novo\/wp-content\/uploads\/2017\/06\/no050617governo7-300x193.jpg 300w, http:\/\/www.portalmantena.com.br\/novo\/wp-content\/uploads\/2017\/06\/no050617governo7-696x447.jpg 696w, http:\/\/www.portalmantena.com.br\/novo\/wp-content\/uploads\/2017\/06\/no050617governo7-653x420.jpg 653w\" sizes=\"(max-width: 700px) 100vw, 700px\" \/><\/a> <a href=\"http:\/\/www.portalmantena.com.br\/novo\/wp-content\/uploads\/2017\/06\/no050617governo8.jpg\"><img loading=\"lazy\" class=\"alignnone size-full wp-image-8069\" src=\"http:\/\/www.portalmantena.com.br\/novo\/wp-content\/uploads\/2017\/06\/no050617governo8.jpg\" alt=\"\" width=\"700\" height=\"450\" srcset=\"http:\/\/www.portalmantena.com.br\/novo\/wp-content\/uploads\/2017\/06\/no050617governo8.jpg 700w, http:\/\/www.portalmantena.com.br\/novo\/wp-content\/uploads\/2017\/06\/no050617governo8-300x193.jpg 300w, http:\/\/www.portalmantena.com.br\/novo\/wp-content\/uploads\/2017\/06\/no050617governo8-696x447.jpg 696w, http:\/\/www.portalmantena.com.br\/novo\/wp-content\/uploads\/2017\/06\/no050617governo8-653x420.jpg 653w\" sizes=\"(max-width: 700px) 100vw, 700px\" \/><\/a> <a href=\"http:\/\/www.portalmantena.com.br\/novo\/wp-content\/uploads\/2017\/06\/no050617governo9.jpg\"><img loading=\"lazy\" class=\"alignnone size-full wp-image-8070\" src=\"http:\/\/www.portalmantena.com.br\/novo\/wp-content\/uploads\/2017\/06\/no050617governo9.jpg\" alt=\"\" width=\"700\" height=\"450\" srcset=\"http:\/\/www.portalmantena.com.br\/novo\/wp-content\/uploads\/2017\/06\/no050617governo9.jpg 700w, http:\/\/www.portalmantena.com.br\/novo\/wp-content\/uploads\/2017\/06\/no050617governo9-300x193.jpg 300w, http:\/\/www.portalmantena.com.br\/novo\/wp-content\/uploads\/2017\/06\/no050617governo9-696x447.jpg 696w, http:\/\/www.portalmantena.com.br\/novo\/wp-content\/uploads\/2017\/06\/no050617governo9-653x420.jpg 653w\" sizes=\"(max-width: 700px) 100vw, 700px\" \/><\/a> <a href=\"http:\/\/www.portalmantena.com.br\/novo\/wp-content\/uploads\/2017\/06\/no050617governo10.jpg\"><img loading=\"lazy\" class=\"alignnone size-full wp-image-8071\" src=\"http:\/\/www.portalmantena.com.br\/novo\/wp-content\/uploads\/2017\/06\/no050617governo10.jpg\" alt=\"\" width=\"700\" height=\"450\" srcset=\"http:\/\/www.portalmantena.com.br\/novo\/wp-content\/uploads\/2017\/06\/no050617governo10.jpg 700w, http:\/\/www.portalmantena.com.br\/novo\/wp-content\/uploads\/2017\/06\/no050617governo10-300x193.jpg 300w, http:\/\/www.portalmantena.com.br\/novo\/wp-content\/uploads\/2017\/06\/no050617governo10-696x447.jpg 696w, http:\/\/www.portalmantena.com.br\/novo\/wp-content\/uploads\/2017\/06\/no050617governo10-653x420.jpg 653w\" sizes=\"(max-width: 700px) 100vw, 700px\" \/><\/a> <a href=\"http:\/\/www.portalmantena.com.br\/novo\/wp-content\/uploads\/2017\/06\/no050617governo11.jpg\"><img loading=\"lazy\" class=\"alignnone size-full wp-image-8072\" src=\"http:\/\/www.portalmantena.com.br\/novo\/wp-content\/uploads\/2017\/06\/no050617governo11.jpg\" alt=\"\" width=\"700\" height=\"450\" srcset=\"http:\/\/www.portalmantena.com.br\/novo\/wp-content\/uploads\/2017\/06\/no050617governo11.jpg 700w, http:\/\/www.portalmantena.com.br\/novo\/wp-content\/uploads\/2017\/06\/no050617governo11-300x193.jpg 300w, http:\/\/www.portalmantena.com.br\/novo\/wp-content\/uploads\/2017\/06\/no050617governo11-696x447.jpg 696w, http:\/\/www.portalmantena.com.br\/novo\/wp-content\/uploads\/2017\/06\/no050617governo11-653x420.jpg 653w\" sizes=\"(max-width: 700px) 100vw, 700px\" \/><\/a> <a href=\"http:\/\/www.portalmantena.com.br\/novo\/wp-content\/uploads\/2017\/06\/no050617governo12.jpg\"><img loading=\"lazy\" class=\"alignnone size-full wp-image-8073\" src=\"http:\/\/www.portalmantena.com.br\/novo\/wp-content\/uploads\/2017\/06\/no050617governo12.jpg\" alt=\"\" width=\"700\" height=\"450\" srcset=\"http:\/\/www.portalmantena.com.br\/novo\/wp-content\/uploads\/2017\/06\/no050617governo12.jpg 700w, http:\/\/www.portalmantena.com.br\/novo\/wp-content\/uploads\/2017\/06\/no050617governo12-300x193.jpg 300w, http:\/\/www.portalmantena.com.br\/novo\/wp-content\/uploads\/2017\/06\/no050617governo12-696x447.jpg 696w, http:\/\/www.portalmantena.com.br\/novo\/wp-content\/uploads\/2017\/06\/no050617governo12-653x420.jpg 653w\" sizes=\"(max-width: 700px) 100vw, 700px\" \/><\/a> <a href=\"http:\/\/www.portalmantena.com.br\/novo\/wp-content\/uploads\/2017\/06\/no050617governo13.jpg\"><img loading=\"lazy\" class=\"alignnone size-full wp-image-8074\" src=\"http:\/\/www.portalmantena.com.br\/novo\/wp-content\/uploads\/2017\/06\/no050617governo13.jpg\" alt=\"\" width=\"700\" height=\"450\" srcset=\"http:\/\/www.portalmantena.com.br\/novo\/wp-content\/uploads\/2017\/06\/no050617governo13.jpg 700w, http:\/\/www.portalmantena.com.br\/novo\/wp-content\/uploads\/2017\/06\/no050617governo13-300x193.jpg 300w, http:\/\/www.portalmantena.com.br\/novo\/wp-content\/uploads\/2017\/06\/no050617governo13-696x447.jpg 696w, http:\/\/www.portalmantena.com.br\/novo\/wp-content\/uploads\/2017\/06\/no050617governo13-653x420.jpg 653w\" sizes=\"(max-width: 700px) 100vw, 700px\" \/><\/a><\/p>\n","protected":false},"excerpt":{"rendered":"<p>Na \u00faltima quinta-feira dia 1\u00ba de junho, um encontro reuniu na cidade de Barra de S\u00e3o Francisco o Governador capixaba Paulo Hartung, Secret\u00e1rios de Estados, Deputados, Enivaldo dos Anjos, Padre Hon\u00f3rio e Raquel Lessa, v\u00e1rios prefeitos e Vereadores da regi\u00e3o norte, com a presen\u00e7a do prefeito de Mantena Jo\u00e3o Rufino, tamb\u00e9m do comandante da Policia [&hellip;]<\/p>\n","protected":false},"author":1,"featured_media":8069,"comment_status":"open","ping_status":"open","sticky":false,"template":"","format":"standard","meta":[],"categories":[11,33],"tags":[],"_links":{"self":[{"href":"http:\/\/www.portalmantena.com.br\/novo\/index.php?rest_route=\/wp\/v2\/posts\/8061"}],"collection":[{"href":"http:\/\/www.portalmantena.com.br\/novo\/index.php?rest_route=\/wp\/v2\/posts"}],"about":[{"href":"http:\/\/www.portalmantena.com.br\/novo\/index.php?rest_route=\/wp\/v2\/types\/post"}],"author":[{"embeddable":true,"href":"http:\/\/www.portalmantena.com.br\/novo\/index.php?rest_route=\/wp\/v2\/users\/1"}],"replies":[{"embeddable":true,"href":"http:\/\/www.portalmantena.com.br\/novo\/index.php?rest_route=%2Fwp%2Fv2%2Fcomments&post=8061"}],"version-history":[{"count":1,"href":"http:\/\/www.portalmantena.com.br\/novo\/index.php?rest_route=\/wp\/v2\/posts\/8061\/revisions"}],"predecessor-version":[{"id":8075,"href":"http:\/\/www.portalmantena.com.br\/novo\/index.php?rest_route=\/wp\/v2\/posts\/8061\/revisions\/8075"}],"wp:featuredmedia":[{"embeddable":true,"href":"http:\/\/www.portalmantena.com.br\/novo\/index.php?rest_route=\/wp\/v2\/media\/8069"}],"wp:attachment":[{"href":"http:\/\/www.portalmantena.com.br\/novo\/index.php?rest_route=%2Fwp%2Fv2%2Fmedia&parent=8061"}],"wp:term":[{"taxonomy":"category","embeddable":true,"href":"http:\/\/www.portalmantena.com.br\/novo\/index.php?rest_route=%2Fwp%2Fv2%2Fcategories&post=8061"},{"taxonomy":"post_tag","embeddable":true,"href":"http:\/\/www.portalmantena.com.br\/novo\/index.php?rest_route=%2Fwp%2Fv2%2Ftags&post=8061"}],"curies":[{"name":"wp","href":"https:\/\/api.w.org\/{rel}","templated":true}]}}