{"id":7826,"date":"2017-06-01T13:51:50","date_gmt":"2017-06-01T16:51:50","guid":{"rendered":"http:\/\/www.portalmantena.com.br\/novo\/?p=7826"},"modified":"2017-06-01T13:51:50","modified_gmt":"2017-06-01T16:51:50","slug":"belas-amigas-mantenenses-participando-do-garota-regional","status":"publish","type":"post","link":"http:\/\/www.portalmantena.com.br\/novo\/?p=7826","title":{"rendered":"Belas amigas mantenenses participando do Garota Regional"},"content":{"rendered":"<p><a href=\"http:\/\/www.portalmantena.com.br\/novo\/wp-content\/uploads\/2017\/06\/vi010617meninas.jpg\"><img loading=\"lazy\" class=\"alignnone size-full wp-image-7827\" src=\"http:\/\/www.portalmantena.com.br\/novo\/wp-content\/uploads\/2017\/06\/vi010617meninas.jpg\" alt=\"\" width=\"700\" height=\"450\" srcset=\"http:\/\/www.portalmantena.com.br\/novo\/wp-content\/uploads\/2017\/06\/vi010617meninas.jpg 700w, http:\/\/www.portalmantena.com.br\/novo\/wp-content\/uploads\/2017\/06\/vi010617meninas-300x193.jpg 300w, http:\/\/www.portalmantena.com.br\/novo\/wp-content\/uploads\/2017\/06\/vi010617meninas-696x447.jpg 696w, http:\/\/www.portalmantena.com.br\/novo\/wp-content\/uploads\/2017\/06\/vi010617meninas-653x420.jpg 653w\" sizes=\"(max-width: 700px) 100vw, 700px\" \/><\/a><\/p>\n<p><span style=\"font-size: 14pt;\">As amigas mantenenses Jamaira, Lamires e Let\u00edcia, participando da pr\u00e9 sele\u00e7\u00e3o das candidatas que participar\u00e3o do Garota Regional 2017 em Mantena, evento que acontecer\u00e1 durante a programa\u00e7\u00e3o da Festa da Cidade.<\/span><\/p>\n","protected":false},"excerpt":{"rendered":"<p>As amigas mantenenses Jamaira, Lamires e Let\u00edcia, participando da pr\u00e9 sele\u00e7\u00e3o das candidatas que participar\u00e3o do Garota Regional 2017 em Mantena, evento que acontecer\u00e1 durante a programa\u00e7\u00e3o da Festa da Cidade.<\/p>\n","protected":false},"author":1,"featured_media":7827,"comment_status":"open","ping_status":"open","sticky":false,"template":"","format":"standard","meta":[],"categories":[7],"tags":[],"_links":{"self":[{"href":"http:\/\/www.portalmantena.com.br\/novo\/index.php?rest_route=\/wp\/v2\/posts\/7826"}],"collection":[{"href":"http:\/\/www.portalmantena.com.br\/novo\/index.php?rest_route=\/wp\/v2\/posts"}],"about":[{"href":"http:\/\/www.portalmantena.com.br\/novo\/index.php?rest_route=\/wp\/v2\/types\/post"}],"author":[{"embeddable":true,"href":"http:\/\/www.portalmantena.com.br\/novo\/index.php?rest_route=\/wp\/v2\/users\/1"}],"replies":[{"embeddable":true,"href":"http:\/\/www.portalmantena.com.br\/novo\/index.php?rest_route=%2Fwp%2Fv2%2Fcomments&post=7826"}],"version-history":[{"count":1,"href":"http:\/\/www.portalmantena.com.br\/novo\/index.php?rest_route=\/wp\/v2\/posts\/7826\/revisions"}],"predecessor-version":[{"id":7828,"href":"http:\/\/www.portalmantena.com.br\/novo\/index.php?rest_route=\/wp\/v2\/posts\/7826\/revisions\/7828"}],"wp:featuredmedia":[{"embeddable":true,"href":"http:\/\/www.portalmantena.com.br\/novo\/index.php?rest_route=\/wp\/v2\/media\/7827"}],"wp:attachment":[{"href":"http:\/\/www.portalmantena.com.br\/novo\/index.php?rest_route=%2Fwp%2Fv2%2Fmedia&parent=7826"}],"wp:term":[{"taxonomy":"category","embeddable":true,"href":"http:\/\/www.portalmantena.com.br\/novo\/index.php?rest_route=%2Fwp%2Fv2%2Fcategories&post=7826"},{"taxonomy":"post_tag","embeddable":true,"href":"http:\/\/www.portalmantena.com.br\/novo\/index.php?rest_route=%2Fwp%2Fv2%2Ftags&post=7826"}],"curies":[{"name":"wp","href":"https:\/\/api.w.org\/{rel}","templated":true}]}}