{"id":7481,"date":"2017-05-29T08:04:27","date_gmt":"2017-05-29T11:04:27","guid":{"rendered":"http:\/\/www.portalmantena.com.br\/novo\/?p=7481"},"modified":"2017-05-29T08:04:27","modified_gmt":"2017-05-29T11:04:27","slug":"suspeito-de-matar-o-ex-vereador-malvino-castelani-e-preso-em-sao-paulo","status":"publish","type":"post","link":"http:\/\/www.portalmantena.com.br\/novo\/?p=7481","title":{"rendered":"Suspeito de matar o ex vereador Malvino Castelani \u00e9 preso em S\u00e3o Paulo"},"content":{"rendered":"<p><span style=\"font-size: 14pt;\">A Pol\u00edcia Civil prendeu, em Assis, interior do estado de S\u00e3o Paulo, o homem suspeito de matar a tiros o ex-vereador de Mantena, Malvino Castelani, de 84 anos. <\/span><\/p>\n<p><span style=\"font-size: 14pt;\">O crime ocorreu em abril deste ano; o suspeito do homic\u00eddio, de 55 anos, era genro da v\u00edtima. O crime ocorreu no distrito de Limeira, onde a v\u00edtima morava. <\/span><\/p>\n<p><span style=\"font-size: 14pt;\">Segundo a Pol\u00edcia Militar, o suspeito morava no estado de S\u00e3o Paulo e no fim de 2016, come\u00e7ou a morar na fazenda do ex-vereador. Poblemas familiares teriam motivado o crime; segundo a PM, o ex-vereador foi surpreendido pelo genro em casa, quando foi baleado e morreu. Ap\u00f3s o crime, o suspeito fugiu e era procurado pela pol\u00edcia.<\/span><\/p>\n<p><span style=\"font-size: 14pt;\"> A a\u00e7\u00e3o da Pol\u00edcia Civil de S\u00e3o Paulo cumpriu o mandado de pris\u00e3o preventiva contra o suspeito na \u00faltima sexta-feira (27), solicitado pela PC de Minas Gerais. Ele foi preso em casa. O acusado ficar\u00e1 preso em S\u00e3o Paulo at\u00e9 que a Justi\u00e7a em Minas pe\u00e7a a transfer\u00eancia dele.<\/span><\/p>\n","protected":false},"excerpt":{"rendered":"<p>A Pol\u00edcia Civil prendeu, em Assis, interior do estado de S\u00e3o Paulo, o homem suspeito de matar a tiros o ex-vereador de Mantena, Malvino Castelani, de 84 anos. O crime ocorreu em abril deste ano; o suspeito do homic\u00eddio, de 55 anos, era genro da v\u00edtima. O crime ocorreu no distrito de Limeira, onde a [&hellip;]<\/p>\n","protected":false},"author":1,"featured_media":0,"comment_status":"open","ping_status":"open","sticky":false,"template":"","format":"standard","meta":[],"categories":[24],"tags":[],"_links":{"self":[{"href":"http:\/\/www.portalmantena.com.br\/novo\/index.php?rest_route=\/wp\/v2\/posts\/7481"}],"collection":[{"href":"http:\/\/www.portalmantena.com.br\/novo\/index.php?rest_route=\/wp\/v2\/posts"}],"about":[{"href":"http:\/\/www.portalmantena.com.br\/novo\/index.php?rest_route=\/wp\/v2\/types\/post"}],"author":[{"embeddable":true,"href":"http:\/\/www.portalmantena.com.br\/novo\/index.php?rest_route=\/wp\/v2\/users\/1"}],"replies":[{"embeddable":true,"href":"http:\/\/www.portalmantena.com.br\/novo\/index.php?rest_route=%2Fwp%2Fv2%2Fcomments&post=7481"}],"version-history":[{"count":1,"href":"http:\/\/www.portalmantena.com.br\/novo\/index.php?rest_route=\/wp\/v2\/posts\/7481\/revisions"}],"predecessor-version":[{"id":7482,"href":"http:\/\/www.portalmantena.com.br\/novo\/index.php?rest_route=\/wp\/v2\/posts\/7481\/revisions\/7482"}],"wp:attachment":[{"href":"http:\/\/www.portalmantena.com.br\/novo\/index.php?rest_route=%2Fwp%2Fv2%2Fmedia&parent=7481"}],"wp:term":[{"taxonomy":"category","embeddable":true,"href":"http:\/\/www.portalmantena.com.br\/novo\/index.php?rest_route=%2Fwp%2Fv2%2Fcategories&post=7481"},{"taxonomy":"post_tag","embeddable":true,"href":"http:\/\/www.portalmantena.com.br\/novo\/index.php?rest_route=%2Fwp%2Fv2%2Ftags&post=7481"}],"curies":[{"name":"wp","href":"https:\/\/api.w.org\/{rel}","templated":true}]}}