{"id":7477,"date":"2017-05-29T07:46:17","date_gmt":"2017-05-29T10:46:17","guid":{"rendered":"http:\/\/www.portalmantena.com.br\/novo\/?p=7477"},"modified":"2017-05-29T07:50:48","modified_gmt":"2017-05-29T10:50:48","slug":"moto-moto-e-recuperada-em-sao-domingos-do-norte","status":"publish","type":"post","link":"http:\/\/www.portalmantena.com.br\/novo\/?p=7477","title":{"rendered":"Moto \u00e9 recuperada em S\u00e3o Domingos do Norte"},"content":{"rendered":"<p><a href=\"http:\/\/www.portalmantena.com.br\/novo\/wp-content\/uploads\/2017\/05\/no290517moto.jpg\"><img loading=\"lazy\" class=\"alignnone size-full wp-image-7478\" src=\"http:\/\/www.portalmantena.com.br\/novo\/wp-content\/uploads\/2017\/05\/no290517moto.jpg\" alt=\"\" width=\"700\" height=\"450\" srcset=\"http:\/\/www.portalmantena.com.br\/novo\/wp-content\/uploads\/2017\/05\/no290517moto.jpg 700w, http:\/\/www.portalmantena.com.br\/novo\/wp-content\/uploads\/2017\/05\/no290517moto-300x193.jpg 300w, http:\/\/www.portalmantena.com.br\/novo\/wp-content\/uploads\/2017\/05\/no290517moto-696x447.jpg 696w, http:\/\/www.portalmantena.com.br\/novo\/wp-content\/uploads\/2017\/05\/no290517moto-653x420.jpg 653w\" sizes=\"(max-width: 700px) 100vw, 700px\" \/><\/a><\/p>\n<p><span style=\"font-size: 14pt;\">Na tarde da \u00faltima sexta-feira (26) policiais militares, em S\u00e3o Domingos do Norte, detiveram um homem e recuperaram uma motocicleta com restri\u00e7\u00f5es de furto e roubo de Cariacica.\u00a0<\/span><\/p>\n<p><span style=\"font-size: 14pt;\">A a\u00e7\u00e3o dos policiais ocorreu quando a equipe de radiopatrulha da cidade realizava policiamento preventivo nas proximidades da prefeitura municipal. Em seguida, avistaram um grupo de pessoas que transitavam com diversos ve\u00edculos nas proximidades da sede do executivo.\u00a0<\/span><\/p>\n<p><span style=\"font-size: 14pt;\">Os policiais ent\u00e3o iniciaram a abordagem e, ap\u00f3s as averigua\u00e7\u00f5es nos sistemas dispon\u00edveis, constataram que uma das motocicletas havia sido subtra\u00edda no munic\u00edpio de Cariacica, na regi\u00e3o metropolitana da Grande Vit\u00f3ria.\u00a0O ve\u00edculo recuperado e o cidad\u00e3o detido foram conduzidos \u00e0 sede da 15\u00aa Delegacia Regional de Colatina.<\/span><\/p>\n","protected":false},"excerpt":{"rendered":"<p>Na tarde da \u00faltima sexta-feira (26) policiais militares, em S\u00e3o Domingos do Norte, detiveram um homem e recuperaram uma motocicleta com restri\u00e7\u00f5es de furto e roubo de Cariacica.\u00a0 A a\u00e7\u00e3o dos policiais ocorreu quando a equipe de radiopatrulha da cidade realizava policiamento preventivo nas proximidades da prefeitura municipal. Em seguida, avistaram um grupo de pessoas [&hellip;]<\/p>\n","protected":false},"author":1,"featured_media":7478,"comment_status":"open","ping_status":"open","sticky":false,"template":"","format":"standard","meta":[],"categories":[11,34],"tags":[],"_links":{"self":[{"href":"http:\/\/www.portalmantena.com.br\/novo\/index.php?rest_route=\/wp\/v2\/posts\/7477"}],"collection":[{"href":"http:\/\/www.portalmantena.com.br\/novo\/index.php?rest_route=\/wp\/v2\/posts"}],"about":[{"href":"http:\/\/www.portalmantena.com.br\/novo\/index.php?rest_route=\/wp\/v2\/types\/post"}],"author":[{"embeddable":true,"href":"http:\/\/www.portalmantena.com.br\/novo\/index.php?rest_route=\/wp\/v2\/users\/1"}],"replies":[{"embeddable":true,"href":"http:\/\/www.portalmantena.com.br\/novo\/index.php?rest_route=%2Fwp%2Fv2%2Fcomments&post=7477"}],"version-history":[{"count":2,"href":"http:\/\/www.portalmantena.com.br\/novo\/index.php?rest_route=\/wp\/v2\/posts\/7477\/revisions"}],"predecessor-version":[{"id":7480,"href":"http:\/\/www.portalmantena.com.br\/novo\/index.php?rest_route=\/wp\/v2\/posts\/7477\/revisions\/7480"}],"wp:featuredmedia":[{"embeddable":true,"href":"http:\/\/www.portalmantena.com.br\/novo\/index.php?rest_route=\/wp\/v2\/media\/7478"}],"wp:attachment":[{"href":"http:\/\/www.portalmantena.com.br\/novo\/index.php?rest_route=%2Fwp%2Fv2%2Fmedia&parent=7477"}],"wp:term":[{"taxonomy":"category","embeddable":true,"href":"http:\/\/www.portalmantena.com.br\/novo\/index.php?rest_route=%2Fwp%2Fv2%2Fcategories&post=7477"},{"taxonomy":"post_tag","embeddable":true,"href":"http:\/\/www.portalmantena.com.br\/novo\/index.php?rest_route=%2Fwp%2Fv2%2Ftags&post=7477"}],"curies":[{"name":"wp","href":"https:\/\/api.w.org\/{rel}","templated":true}]}}