{"id":7054,"date":"2017-05-23T07:07:20","date_gmt":"2017-05-23T10:07:20","guid":{"rendered":"http:\/\/www.portalmantena.com.br\/novo\/?p=7054"},"modified":"2017-05-22T14:17:43","modified_gmt":"2017-05-22T17:17:43","slug":"foi-sucesso-os-cursos-de-costureiro-e-artesanato-realizado-em-mantena-com-a-parceria-fiemg-e-prefeitura","status":"publish","type":"post","link":"http:\/\/www.portalmantena.com.br\/novo\/?p=7054","title":{"rendered":"Foi sucesso os cursos de Costureiro e Artesanato realizado em Mantena com a parceria FIEMG e Prefeitura"},"content":{"rendered":"<p><a href=\"http:\/\/www.portalmantena.com.br\/novo\/wp-content\/uploads\/2017\/05\/no220517curso1.jpg\"><img loading=\"lazy\" class=\"alignnone size-full wp-image-7055\" src=\"http:\/\/www.portalmantena.com.br\/novo\/wp-content\/uploads\/2017\/05\/no220517curso1.jpg\" alt=\"\" width=\"700\" height=\"450\" srcset=\"http:\/\/www.portalmantena.com.br\/novo\/wp-content\/uploads\/2017\/05\/no220517curso1.jpg 700w, http:\/\/www.portalmantena.com.br\/novo\/wp-content\/uploads\/2017\/05\/no220517curso1-300x193.jpg 300w, http:\/\/www.portalmantena.com.br\/novo\/wp-content\/uploads\/2017\/05\/no220517curso1-696x447.jpg 696w, http:\/\/www.portalmantena.com.br\/novo\/wp-content\/uploads\/2017\/05\/no220517curso1-653x420.jpg 653w\" sizes=\"(max-width: 700px) 100vw, 700px\" \/><\/a><\/p>\n<p><span style=\"font-size: 14pt;\">Autoridades municipais como o prefeito de Mantena, Sr Jo\u00e3o Rufino, seu vice Luiz Garcia, vereadores e secret\u00e1rios participaram na \u00faltima quinta-feira dia 19 de Maio, do encerramento em Mantena, do Curso Gratuito de Costureiro do Vestu\u00e1rio, capacita\u00e7\u00e3o promovida pelo Sesi\/Senai \u2013 um programa do Sistema FIEMG em parceria com a Prefeitura Municipal de Mantena e Secretaria de Ind\u00fastria e Com\u00e9rcio.<\/span><\/p>\n<p><span style=\"font-size: 14pt;\"> O curso foi realizado durante um m\u00eas, e capacitou 30 alunos com aulas acontecendo em dois per\u00edodos (manh\u00e3 e tarde). O objetivo do curso \u00e9 capacitar os profissionais a operar m\u00e1quinas de costura profissionais, a identificar tipos de tecidos e de agulhas, a fazer acabamentos (\u00e0 m\u00e3o e \u00e0 m\u00e1quina), a reconhecer erros de cortes, a manusear moldes, a consultar tabelas de medidas, dentre outros.<\/span><\/p>\n<p><span style=\"font-size: 14pt;\"> Al\u00e9m das t\u00e9cnicas de costura, o profissional tamb\u00e9m j\u00e1 est\u00e1 qualificado para realizar seu trabalho sempre de maneira eficiente, contribuindo para aumentar sua renda. <\/span><\/p>\n<p><span style=\"font-size: 14pt;\">A import\u00e2ncia do curso para os mantenenses, capacitando os cidad\u00e3os interessados a se profissionalizarem e ainda a grande parceria com o SENAI, foram as palavras do prefeito municipal ressaltando esta realiza\u00e7\u00e3o em Mantena. A ocasi\u00e3o foi tamb\u00e9m utilizada para o encerramento de outros cursos ministrados pela equipe Sesi\/Senai, sendo os cursos de Artesanato Patch Aplique, Artesanato Boneca de E.V.A e Artesanato Cartonagem.<\/span><\/p>\n<p><a href=\"http:\/\/www.portalmantena.com.br\/novo\/wp-content\/uploads\/2017\/05\/no220517curso2.jpg\"><img loading=\"lazy\" class=\"alignnone size-full wp-image-7056\" src=\"http:\/\/www.portalmantena.com.br\/novo\/wp-content\/uploads\/2017\/05\/no220517curso2.jpg\" alt=\"\" width=\"700\" height=\"450\" srcset=\"http:\/\/www.portalmantena.com.br\/novo\/wp-content\/uploads\/2017\/05\/no220517curso2.jpg 700w, http:\/\/www.portalmantena.com.br\/novo\/wp-content\/uploads\/2017\/05\/no220517curso2-300x193.jpg 300w, http:\/\/www.portalmantena.com.br\/novo\/wp-content\/uploads\/2017\/05\/no220517curso2-696x447.jpg 696w, http:\/\/www.portalmantena.com.br\/novo\/wp-content\/uploads\/2017\/05\/no220517curso2-653x420.jpg 653w\" sizes=\"(max-width: 700px) 100vw, 700px\" \/><\/a> <a href=\"http:\/\/www.portalmantena.com.br\/novo\/wp-content\/uploads\/2017\/05\/no220517curso3.jpg\"><img loading=\"lazy\" class=\"alignnone size-full wp-image-7057\" src=\"http:\/\/www.portalmantena.com.br\/novo\/wp-content\/uploads\/2017\/05\/no220517curso3.jpg\" alt=\"\" width=\"700\" height=\"450\" srcset=\"http:\/\/www.portalmantena.com.br\/novo\/wp-content\/uploads\/2017\/05\/no220517curso3.jpg 700w, http:\/\/www.portalmantena.com.br\/novo\/wp-content\/uploads\/2017\/05\/no220517curso3-300x193.jpg 300w, http:\/\/www.portalmantena.com.br\/novo\/wp-content\/uploads\/2017\/05\/no220517curso3-696x447.jpg 696w, http:\/\/www.portalmantena.com.br\/novo\/wp-content\/uploads\/2017\/05\/no220517curso3-653x420.jpg 653w\" sizes=\"(max-width: 700px) 100vw, 700px\" \/><\/a> <a href=\"http:\/\/www.portalmantena.com.br\/novo\/wp-content\/uploads\/2017\/05\/no220517curso4.jpg\"><img loading=\"lazy\" class=\"alignnone size-full wp-image-7058\" src=\"http:\/\/www.portalmantena.com.br\/novo\/wp-content\/uploads\/2017\/05\/no220517curso4.jpg\" alt=\"\" width=\"700\" height=\"450\" srcset=\"http:\/\/www.portalmantena.com.br\/novo\/wp-content\/uploads\/2017\/05\/no220517curso4.jpg 700w, http:\/\/www.portalmantena.com.br\/novo\/wp-content\/uploads\/2017\/05\/no220517curso4-300x193.jpg 300w, http:\/\/www.portalmantena.com.br\/novo\/wp-content\/uploads\/2017\/05\/no220517curso4-696x447.jpg 696w, http:\/\/www.portalmantena.com.br\/novo\/wp-content\/uploads\/2017\/05\/no220517curso4-653x420.jpg 653w\" sizes=\"(max-width: 700px) 100vw, 700px\" \/><\/a><\/p>\n","protected":false},"excerpt":{"rendered":"<p>Autoridades municipais como o prefeito de Mantena, Sr Jo\u00e3o Rufino, seu vice Luiz Garcia, vereadores e secret\u00e1rios participaram na \u00faltima quinta-feira dia 19 de Maio, do encerramento em Mantena, do Curso Gratuito de Costureiro do Vestu\u00e1rio, capacita\u00e7\u00e3o promovida pelo Sesi\/Senai \u2013 um programa do Sistema FIEMG em parceria com a Prefeitura Municipal de Mantena e [&hellip;]<\/p>\n","protected":false},"author":1,"featured_media":7055,"comment_status":"open","ping_status":"open","sticky":false,"template":"","format":"standard","meta":[],"categories":[36,11],"tags":[],"_links":{"self":[{"href":"http:\/\/www.portalmantena.com.br\/novo\/index.php?rest_route=\/wp\/v2\/posts\/7054"}],"collection":[{"href":"http:\/\/www.portalmantena.com.br\/novo\/index.php?rest_route=\/wp\/v2\/posts"}],"about":[{"href":"http:\/\/www.portalmantena.com.br\/novo\/index.php?rest_route=\/wp\/v2\/types\/post"}],"author":[{"embeddable":true,"href":"http:\/\/www.portalmantena.com.br\/novo\/index.php?rest_route=\/wp\/v2\/users\/1"}],"replies":[{"embeddable":true,"href":"http:\/\/www.portalmantena.com.br\/novo\/index.php?rest_route=%2Fwp%2Fv2%2Fcomments&post=7054"}],"version-history":[{"count":1,"href":"http:\/\/www.portalmantena.com.br\/novo\/index.php?rest_route=\/wp\/v2\/posts\/7054\/revisions"}],"predecessor-version":[{"id":7059,"href":"http:\/\/www.portalmantena.com.br\/novo\/index.php?rest_route=\/wp\/v2\/posts\/7054\/revisions\/7059"}],"wp:featuredmedia":[{"embeddable":true,"href":"http:\/\/www.portalmantena.com.br\/novo\/index.php?rest_route=\/wp\/v2\/media\/7055"}],"wp:attachment":[{"href":"http:\/\/www.portalmantena.com.br\/novo\/index.php?rest_route=%2Fwp%2Fv2%2Fmedia&parent=7054"}],"wp:term":[{"taxonomy":"category","embeddable":true,"href":"http:\/\/www.portalmantena.com.br\/novo\/index.php?rest_route=%2Fwp%2Fv2%2Fcategories&post=7054"},{"taxonomy":"post_tag","embeddable":true,"href":"http:\/\/www.portalmantena.com.br\/novo\/index.php?rest_route=%2Fwp%2Fv2%2Ftags&post=7054"}],"curies":[{"name":"wp","href":"https:\/\/api.w.org\/{rel}","templated":true}]}}