{"id":69083,"date":"2022-11-30T10:07:25","date_gmt":"2022-11-30T12:07:25","guid":{"rendered":"http:\/\/www.portalmantena.com.br\/novo\/?p=69083"},"modified":"2022-11-30T10:07:25","modified_gmt":"2022-11-30T12:07:25","slug":"corrego-sao-francisco-com-nivel-de-70-cm-acima-do-normal","status":"publish","type":"post","link":"http:\/\/www.portalmantena.com.br\/novo\/?p=69083","title":{"rendered":"C\u00f3rrego S\u00e3o Francisco com n\u00edvel de 70 cm acima do normal"},"content":{"rendered":"<p><a href=\"http:\/\/www.portalmantena.com.br\/novo\/wp-content\/uploads\/2022\/11\/vi30rio2511.jpg\"><img loading=\"lazy\" class=\"alignnone size-full wp-image-69058\" src=\"http:\/\/www.portalmantena.com.br\/novo\/wp-content\/uploads\/2022\/11\/vi30rio2511.jpg\" alt=\"\" width=\"940\" height=\"788\" srcset=\"http:\/\/www.portalmantena.com.br\/novo\/wp-content\/uploads\/2022\/11\/vi30rio2511.jpg 940w, http:\/\/www.portalmantena.com.br\/novo\/wp-content\/uploads\/2022\/11\/vi30rio2511-300x251.jpg 300w, http:\/\/www.portalmantena.com.br\/novo\/wp-content\/uploads\/2022\/11\/vi30rio2511-768x644.jpg 768w, http:\/\/www.portalmantena.com.br\/novo\/wp-content\/uploads\/2022\/11\/vi30rio2511-696x583.jpg 696w, http:\/\/www.portalmantena.com.br\/novo\/wp-content\/uploads\/2022\/11\/vi30rio2511-501x420.jpg 501w\" sizes=\"(max-width: 940px) 100vw, 940px\" \/><\/a><\/p>\n<p><a href=\"http:\/\/www.portalmantena.com.br\/novo\/\"><img loading=\"lazy\" class=\"alignnone size-full wp-image-37331\" src=\"http:\/\/www.portalmantena.com.br\/novo\/wp-content\/uploads\/2018\/05\/faixaportalnoticias5.jpg\" alt=\"\" width=\"700\" height=\"40\" srcset=\"http:\/\/www.portalmantena.com.br\/novo\/wp-content\/uploads\/2018\/05\/faixaportalnoticias5.jpg 700w, http:\/\/www.portalmantena.com.br\/novo\/wp-content\/uploads\/2018\/05\/faixaportalnoticias5-300x17.jpg 300w, http:\/\/www.portalmantena.com.br\/novo\/wp-content\/uploads\/2018\/05\/faixaportalnoticias5-696x40.jpg 696w\" sizes=\"(max-width: 700px) 100vw, 700px\" \/><\/a><\/p>\n<p><span style=\"font-size: 10pt;\">ESPA\u00c7O EMPRESARIAL<\/span><img src=\"http:\/\/www.portalmantena.com.br\/novo\/wp-content\/uploads\/2021\/01\/bifao140121a.jpg\" \/><\/p>\n","protected":false},"excerpt":{"rendered":"<p>ESPA\u00c7O EMPRESARIAL<\/p>\n","protected":false},"author":1,"featured_media":69058,"comment_status":"open","ping_status":"open","sticky":false,"template":"","format":"standard","meta":[],"categories":[11],"tags":[],"_links":{"self":[{"href":"http:\/\/www.portalmantena.com.br\/novo\/index.php?rest_route=\/wp\/v2\/posts\/69083"}],"collection":[{"href":"http:\/\/www.portalmantena.com.br\/novo\/index.php?rest_route=\/wp\/v2\/posts"}],"about":[{"href":"http:\/\/www.portalmantena.com.br\/novo\/index.php?rest_route=\/wp\/v2\/types\/post"}],"author":[{"embeddable":true,"href":"http:\/\/www.portalmantena.com.br\/novo\/index.php?rest_route=\/wp\/v2\/users\/1"}],"replies":[{"embeddable":true,"href":"http:\/\/www.portalmantena.com.br\/novo\/index.php?rest_route=%2Fwp%2Fv2%2Fcomments&post=69083"}],"version-history":[{"count":1,"href":"http:\/\/www.portalmantena.com.br\/novo\/index.php?rest_route=\/wp\/v2\/posts\/69083\/revisions"}],"predecessor-version":[{"id":69084,"href":"http:\/\/www.portalmantena.com.br\/novo\/index.php?rest_route=\/wp\/v2\/posts\/69083\/revisions\/69084"}],"wp:featuredmedia":[{"embeddable":true,"href":"http:\/\/www.portalmantena.com.br\/novo\/index.php?rest_route=\/wp\/v2\/media\/69058"}],"wp:attachment":[{"href":"http:\/\/www.portalmantena.com.br\/novo\/index.php?rest_route=%2Fwp%2Fv2%2Fmedia&parent=69083"}],"wp:term":[{"taxonomy":"category","embeddable":true,"href":"http:\/\/www.portalmantena.com.br\/novo\/index.php?rest_route=%2Fwp%2Fv2%2Fcategories&post=69083"},{"taxonomy":"post_tag","embeddable":true,"href":"http:\/\/www.portalmantena.com.br\/novo\/index.php?rest_route=%2Fwp%2Fv2%2Ftags&post=69083"}],"curies":[{"name":"wp","href":"https:\/\/api.w.org\/{rel}","templated":true}]}}