{"id":68982,"date":"2022-07-13T10:03:25","date_gmt":"2022-07-13T13:03:25","guid":{"rendered":"http:\/\/www.portalmantena.com.br\/novo\/?p=68982"},"modified":"2022-07-13T10:03:25","modified_gmt":"2022-07-13T13:03:25","slug":"regiao-dois-homens-sao-presos-portando-maconha","status":"publish","type":"post","link":"http:\/\/www.portalmantena.com.br\/novo\/?p=68982","title":{"rendered":"Regi\u00e3o: Dois homens s\u00e3o presos portando Maconha"},"content":{"rendered":"<p><a href=\"http:\/\/www.portalmantena.com.br\/novo\/wp-content\/uploads\/2022\/07\/no130722droga-1.jpg\"><img loading=\"lazy\" class=\"alignnone size-full wp-image-68983\" src=\"http:\/\/www.portalmantena.com.br\/novo\/wp-content\/uploads\/2022\/07\/no130722droga-1.jpg\" alt=\"\" width=\"700\" height=\"450\" srcset=\"http:\/\/www.portalmantena.com.br\/novo\/wp-content\/uploads\/2022\/07\/no130722droga-1.jpg 700w, http:\/\/www.portalmantena.com.br\/novo\/wp-content\/uploads\/2022\/07\/no130722droga-1-300x193.jpg 300w, http:\/\/www.portalmantena.com.br\/novo\/wp-content\/uploads\/2022\/07\/no130722droga-1-696x447.jpg 696w, http:\/\/www.portalmantena.com.br\/novo\/wp-content\/uploads\/2022\/07\/no130722droga-1-653x420.jpg 653w\" sizes=\"(max-width: 700px) 100vw, 700px\" \/><\/a><\/p>\n<p><span style=\"font-size: 14pt;\">Na noite da \u00faltima sexta-feira dia 08 de julho, policiais militares realizaram uma opera\u00e7\u00e3o batida policial na \u00c1rea de Festa na cidade de S\u00e3o Geraldo do Baixio.<\/span><\/p>\n<p><span style=\"font-size: 14pt;\"> Durante a Opera\u00e7\u00e3o os militares visualizaram dois indiv\u00edduos, j\u00e1 conhecidos pelo envolvimento com o tr\u00e1fico de drogas em atitudes suspeitas pr\u00f3ximo ao local em que os cavalos estavam. <\/span><\/p>\n<p><span style=\"font-size: 14pt;\">Diante das circunst\u00e2ncias foi realizada a abordagem policial aos indiv\u00edduos. <\/span><\/p>\n<p><span style=\"font-size: 18pt;\"><strong>Durante a abordagem os militares tiveram \u00eaxito em encontrar com eles 08 (oito) buchas de subst\u00e2ncia semelhante a maconha. <\/strong><\/span><\/p>\n<p><span style=\"font-size: 14pt;\">Diante dos fatos ao autores, ap\u00f3s avalia\u00e7\u00e3o m\u00e9dica, foram conduzidos at\u00e9 a Delegacia da Pol\u00edcia Civil pelo crime de Tr\u00e1fico de Drogas. (fonte\/foto:PMMG).<\/span><\/p>\n<p><a href=\"http:\/\/www.portalmantena.com.br\/novo\/\"><img loading=\"lazy\" class=\"alignnone size-full wp-image-37331\" src=\"http:\/\/www.portalmantena.com.br\/novo\/wp-content\/uploads\/2018\/05\/faixaportalnoticias5.jpg\" alt=\"\" width=\"700\" height=\"40\" srcset=\"http:\/\/www.portalmantena.com.br\/novo\/wp-content\/uploads\/2018\/05\/faixaportalnoticias5.jpg 700w, http:\/\/www.portalmantena.com.br\/novo\/wp-content\/uploads\/2018\/05\/faixaportalnoticias5-300x17.jpg 300w, http:\/\/www.portalmantena.com.br\/novo\/wp-content\/uploads\/2018\/05\/faixaportalnoticias5-696x40.jpg 696w\" sizes=\"(max-width: 700px) 100vw, 700px\" \/><\/a><\/p>\n<p><span style=\"font-size: 10pt;\">ESPA\u00c7O EMPRESARIAL<\/span><a href=\"https:\/\/www.facebook.com\/redecasasdastintas\/?__xts__[0]=68.ARBvBkEV-xf0LmeoVmLkmSNYi2fkJzyH_VdImjnJBqA-OJQ8WAGhfxFzuODZeXT97StHLCU2lui2hNiBS9juZZIIH59sSIfo9vM1711g7hmVObiniGMIKpCnGYGx_YmAkGj8o0shglKSje-m1cISUC5fXmbbIDZHgBn9rbll8J1_u-sWBptuc70mqMQ5dXSVaEbLcv7md0y1MndLTPX1QVF6vv_p8UwvHEYJiMzOeJ27-SNULvH_Ia_jzPUIPLemEjFfBOB1GDY2bKOl-hHJ82NDCthVWvRTDkLv5Ac-BJxkK8AMjv3yPHiiz_fTfCghxAzXR4kngL0HN5fNO2PSBWMM9g&amp;__tn__=HHH-R\"><img loading=\"lazy\" class=\"alignnone size-full wp-image-45727\" src=\"http:\/\/www.portalmantena.com.br\/novo\/wp-content\/uploads\/2018\/05\/casatintas120419.jpg\" alt=\"\" width=\"700\" height=\"150\" srcset=\"http:\/\/www.portalmantena.com.br\/novo\/wp-content\/uploads\/2018\/05\/casatintas120419.jpg 700w, http:\/\/www.portalmantena.com.br\/novo\/wp-content\/uploads\/2018\/05\/casatintas120419-300x64.jpg 300w, http:\/\/www.portalmantena.com.br\/novo\/wp-content\/uploads\/2018\/05\/casatintas120419-696x150.jpg 696w\" sizes=\"(max-width: 700px) 100vw, 700px\" \/><\/a><\/p>\n","protected":false},"excerpt":{"rendered":"<p>Na noite da \u00faltima sexta-feira dia 08 de julho, policiais militares realizaram uma opera\u00e7\u00e3o batida policial na \u00c1rea de Festa na cidade de S\u00e3o Geraldo do Baixio. Durante a Opera\u00e7\u00e3o os militares visualizaram dois indiv\u00edduos, j\u00e1 conhecidos pelo envolvimento com o tr\u00e1fico de drogas em atitudes suspeitas pr\u00f3ximo ao local em que os cavalos estavam. [&hellip;]<\/p>\n","protected":false},"author":1,"featured_media":68983,"comment_status":"open","ping_status":"open","sticky":false,"template":"","format":"standard","meta":[],"categories":[11,34],"tags":[],"_links":{"self":[{"href":"http:\/\/www.portalmantena.com.br\/novo\/index.php?rest_route=\/wp\/v2\/posts\/68982"}],"collection":[{"href":"http:\/\/www.portalmantena.com.br\/novo\/index.php?rest_route=\/wp\/v2\/posts"}],"about":[{"href":"http:\/\/www.portalmantena.com.br\/novo\/index.php?rest_route=\/wp\/v2\/types\/post"}],"author":[{"embeddable":true,"href":"http:\/\/www.portalmantena.com.br\/novo\/index.php?rest_route=\/wp\/v2\/users\/1"}],"replies":[{"embeddable":true,"href":"http:\/\/www.portalmantena.com.br\/novo\/index.php?rest_route=%2Fwp%2Fv2%2Fcomments&post=68982"}],"version-history":[{"count":1,"href":"http:\/\/www.portalmantena.com.br\/novo\/index.php?rest_route=\/wp\/v2\/posts\/68982\/revisions"}],"predecessor-version":[{"id":68984,"href":"http:\/\/www.portalmantena.com.br\/novo\/index.php?rest_route=\/wp\/v2\/posts\/68982\/revisions\/68984"}],"wp:featuredmedia":[{"embeddable":true,"href":"http:\/\/www.portalmantena.com.br\/novo\/index.php?rest_route=\/wp\/v2\/media\/68983"}],"wp:attachment":[{"href":"http:\/\/www.portalmantena.com.br\/novo\/index.php?rest_route=%2Fwp%2Fv2%2Fmedia&parent=68982"}],"wp:term":[{"taxonomy":"category","embeddable":true,"href":"http:\/\/www.portalmantena.com.br\/novo\/index.php?rest_route=%2Fwp%2Fv2%2Fcategories&post=68982"},{"taxonomy":"post_tag","embeddable":true,"href":"http:\/\/www.portalmantena.com.br\/novo\/index.php?rest_route=%2Fwp%2Fv2%2Ftags&post=68982"}],"curies":[{"name":"wp","href":"https:\/\/api.w.org\/{rel}","templated":true}]}}