{"id":68959,"date":"2022-06-29T09:33:21","date_gmt":"2022-06-29T12:33:21","guid":{"rendered":"http:\/\/www.portalmantena.com.br\/novo\/?p=68959"},"modified":"2022-06-29T09:43:35","modified_gmt":"2022-06-29T12:43:35","slug":"drogaminas-compla-14-anos-atendendo-os-mantenenses","status":"publish","type":"post","link":"http:\/\/www.portalmantena.com.br\/novo\/?p=68959","title":{"rendered":"Drogaminas completou 14 anos atendendo \u00e0 regi\u00e3o"},"content":{"rendered":"<p><a href=\"http:\/\/www.portalmantena.com.br\/novo\/wp-content\/uploads\/2022\/06\/no290622minas1.jpg\"><img loading=\"lazy\" class=\"alignnone size-full wp-image-68960\" src=\"http:\/\/www.portalmantena.com.br\/novo\/wp-content\/uploads\/2022\/06\/no290622minas1.jpg\" alt=\"\" width=\"700\" height=\"450\" srcset=\"http:\/\/www.portalmantena.com.br\/novo\/wp-content\/uploads\/2022\/06\/no290622minas1.jpg 700w, http:\/\/www.portalmantena.com.br\/novo\/wp-content\/uploads\/2022\/06\/no290622minas1-300x193.jpg 300w, http:\/\/www.portalmantena.com.br\/novo\/wp-content\/uploads\/2022\/06\/no290622minas1-696x447.jpg 696w, http:\/\/www.portalmantena.com.br\/novo\/wp-content\/uploads\/2022\/06\/no290622minas1-653x420.jpg 653w\" sizes=\"(max-width: 700px) 100vw, 700px\" \/><\/a><\/p>\n<p><span style=\"font-size: 14pt;\">A rede Drogaminas de Farm\u00e1cias, completou neste m\u00eas de de Junho (m\u00eas de anivers\u00e1rio de Mantena), mais um ano de exist\u00eancia na cidade, servindo sua popula\u00e7\u00e3o e toda a regi\u00e3o, com produtos e servi\u00e7os de qualidade. <\/span><\/p>\n<p><strong><span style=\"font-size: 18pt;\">No \u00faltimo s\u00e1bado dia 25 uma comemora\u00e7\u00e3o celebrou esta data marcante pois j\u00e1 se passaram 14 anos que a Drogaminas iniciou suas atividades em Mantena. <\/span><\/strong><\/p>\n<p><span style=\"font-size: 14pt;\">A sede da rede, situada \u00e0 Avenida Jos\u00e9 Mol, no centro da cidade, recebeu desde cedo in\u00fameros clientes que al\u00e9m de prestigiar o anivers\u00e1rio da Drogaminas, interagiram com uma bela e divertida comemora\u00e7\u00e3o onde as crian\u00e7as receberam balas, doces e pipocas, se divertiram no pula pula, enquanto os pais aproveitavam as promo\u00e7\u00f5es e concorriam a brindes. <\/span><\/p>\n<p><span style=\"font-size: 14pt;\">O empres\u00e1rio Osnaldo, juntamente com seus colaboradores participaram tamb\u00e9m deste momento e agradeceram a todos os clientes e amigos que prestigiam sempre a rede, sendo assim respons\u00e1veis pelo sucesso e o crescimento da Drogaminas em Mantena e regi\u00e3o.<\/span><\/p>\n<p><a href=\"http:\/\/www.portalmantena.com.br\/novo\/wp-content\/uploads\/2022\/06\/no290622minas2.jpg\"><img loading=\"lazy\" class=\"alignnone size-full wp-image-68961\" src=\"http:\/\/www.portalmantena.com.br\/novo\/wp-content\/uploads\/2022\/06\/no290622minas2.jpg\" alt=\"\" width=\"700\" height=\"450\" srcset=\"http:\/\/www.portalmantena.com.br\/novo\/wp-content\/uploads\/2022\/06\/no290622minas2.jpg 700w, http:\/\/www.portalmantena.com.br\/novo\/wp-content\/uploads\/2022\/06\/no290622minas2-300x193.jpg 300w, http:\/\/www.portalmantena.com.br\/novo\/wp-content\/uploads\/2022\/06\/no290622minas2-696x447.jpg 696w, http:\/\/www.portalmantena.com.br\/novo\/wp-content\/uploads\/2022\/06\/no290622minas2-653x420.jpg 653w\" sizes=\"(max-width: 700px) 100vw, 700px\" \/><\/a> <a href=\"http:\/\/www.portalmantena.com.br\/novo\/wp-content\/uploads\/2022\/06\/no290622minas3.jpg\"><img loading=\"lazy\" class=\"alignnone size-full wp-image-68962\" src=\"http:\/\/www.portalmantena.com.br\/novo\/wp-content\/uploads\/2022\/06\/no290622minas3.jpg\" alt=\"\" width=\"700\" height=\"450\" srcset=\"http:\/\/www.portalmantena.com.br\/novo\/wp-content\/uploads\/2022\/06\/no290622minas3.jpg 700w, http:\/\/www.portalmantena.com.br\/novo\/wp-content\/uploads\/2022\/06\/no290622minas3-300x193.jpg 300w, http:\/\/www.portalmantena.com.br\/novo\/wp-content\/uploads\/2022\/06\/no290622minas3-696x447.jpg 696w, http:\/\/www.portalmantena.com.br\/novo\/wp-content\/uploads\/2022\/06\/no290622minas3-653x420.jpg 653w\" sizes=\"(max-width: 700px) 100vw, 700px\" \/><\/a> <a href=\"http:\/\/www.portalmantena.com.br\/novo\/wp-content\/uploads\/2022\/06\/no290622minas4.jpg\"><img loading=\"lazy\" class=\"alignnone size-full wp-image-68963\" src=\"http:\/\/www.portalmantena.com.br\/novo\/wp-content\/uploads\/2022\/06\/no290622minas4.jpg\" alt=\"\" width=\"700\" height=\"450\" srcset=\"http:\/\/www.portalmantena.com.br\/novo\/wp-content\/uploads\/2022\/06\/no290622minas4.jpg 700w, http:\/\/www.portalmantena.com.br\/novo\/wp-content\/uploads\/2022\/06\/no290622minas4-300x193.jpg 300w, http:\/\/www.portalmantena.com.br\/novo\/wp-content\/uploads\/2022\/06\/no290622minas4-696x447.jpg 696w, http:\/\/www.portalmantena.com.br\/novo\/wp-content\/uploads\/2022\/06\/no290622minas4-653x420.jpg 653w\" sizes=\"(max-width: 700px) 100vw, 700px\" \/><\/a> <a href=\"http:\/\/www.portalmantena.com.br\/novo\/wp-content\/uploads\/2022\/06\/no290622minas5.jpg\"><img loading=\"lazy\" class=\"alignnone size-full wp-image-68964\" src=\"http:\/\/www.portalmantena.com.br\/novo\/wp-content\/uploads\/2022\/06\/no290622minas5.jpg\" alt=\"\" width=\"700\" height=\"450\" srcset=\"http:\/\/www.portalmantena.com.br\/novo\/wp-content\/uploads\/2022\/06\/no290622minas5.jpg 700w, http:\/\/www.portalmantena.com.br\/novo\/wp-content\/uploads\/2022\/06\/no290622minas5-300x193.jpg 300w, http:\/\/www.portalmantena.com.br\/novo\/wp-content\/uploads\/2022\/06\/no290622minas5-696x447.jpg 696w, http:\/\/www.portalmantena.com.br\/novo\/wp-content\/uploads\/2022\/06\/no290622minas5-653x420.jpg 653w\" sizes=\"(max-width: 700px) 100vw, 700px\" \/><\/a> <a href=\"http:\/\/www.portalmantena.com.br\/novo\/wp-content\/uploads\/2022\/06\/no290622minas6.jpg\"><img loading=\"lazy\" class=\"alignnone size-full wp-image-68965\" src=\"http:\/\/www.portalmantena.com.br\/novo\/wp-content\/uploads\/2022\/06\/no290622minas6.jpg\" alt=\"\" width=\"700\" height=\"450\" srcset=\"http:\/\/www.portalmantena.com.br\/novo\/wp-content\/uploads\/2022\/06\/no290622minas6.jpg 700w, http:\/\/www.portalmantena.com.br\/novo\/wp-content\/uploads\/2022\/06\/no290622minas6-300x193.jpg 300w, http:\/\/www.portalmantena.com.br\/novo\/wp-content\/uploads\/2022\/06\/no290622minas6-696x447.jpg 696w, http:\/\/www.portalmantena.com.br\/novo\/wp-content\/uploads\/2022\/06\/no290622minas6-653x420.jpg 653w\" sizes=\"(max-width: 700px) 100vw, 700px\" \/><\/a><\/p>\n<p><a href=\"http:\/\/www.portalmantena.com.br\/novo\/\"><img loading=\"lazy\" class=\"alignnone size-full wp-image-37331\" src=\"http:\/\/www.portalmantena.com.br\/novo\/wp-content\/uploads\/2018\/05\/faixaportalnoticias5.jpg\" alt=\"\" width=\"700\" height=\"40\" srcset=\"http:\/\/www.portalmantena.com.br\/novo\/wp-content\/uploads\/2018\/05\/faixaportalnoticias5.jpg 700w, http:\/\/www.portalmantena.com.br\/novo\/wp-content\/uploads\/2018\/05\/faixaportalnoticias5-300x17.jpg 300w, http:\/\/www.portalmantena.com.br\/novo\/wp-content\/uploads\/2018\/05\/faixaportalnoticias5-696x40.jpg 696w\" sizes=\"(max-width: 700px) 100vw, 700px\" \/><\/a><\/p>\n<p><span style=\"font-size: 10pt;\">ESPA\u00c7O EMPRESARIAL<a href=\"https:\/\/www.facebook.com\/farmaciasdrogaminas\/?ref=br_rs\"><img loading=\"lazy\" class=\"alignnone size-full wp-image-30658\" src=\"http:\/\/www.portalmantena.com.br\/novo\/wp-content\/uploads\/2018\/05\/drogaminasfaixa.jpg\" alt=\"\" width=\"700\" height=\"150\" srcset=\"http:\/\/www.portalmantena.com.br\/novo\/wp-content\/uploads\/2018\/05\/drogaminasfaixa.jpg 700w, http:\/\/www.portalmantena.com.br\/novo\/wp-content\/uploads\/2018\/05\/drogaminasfaixa-300x64.jpg 300w, http:\/\/www.portalmantena.com.br\/novo\/wp-content\/uploads\/2018\/05\/drogaminasfaixa-696x150.jpg 696w\" sizes=\"(max-width: 700px) 100vw, 700px\" \/><\/a><\/span><\/p>\n","protected":false},"excerpt":{"rendered":"<p>A rede Drogaminas de Farm\u00e1cias, completou neste m\u00eas de de Junho (m\u00eas de anivers\u00e1rio de Mantena), mais um ano de exist\u00eancia na cidade, servindo sua popula\u00e7\u00e3o e toda a regi\u00e3o, com produtos e servi\u00e7os de qualidade. No \u00faltimo s\u00e1bado dia 25 uma comemora\u00e7\u00e3o celebrou esta data marcante pois j\u00e1 se passaram 14 anos que a [&hellip;]<\/p>\n","protected":false},"author":1,"featured_media":68965,"comment_status":"open","ping_status":"open","sticky":false,"template":"","format":"standard","meta":[],"categories":[12],"tags":[],"_links":{"self":[{"href":"http:\/\/www.portalmantena.com.br\/novo\/index.php?rest_route=\/wp\/v2\/posts\/68959"}],"collection":[{"href":"http:\/\/www.portalmantena.com.br\/novo\/index.php?rest_route=\/wp\/v2\/posts"}],"about":[{"href":"http:\/\/www.portalmantena.com.br\/novo\/index.php?rest_route=\/wp\/v2\/types\/post"}],"author":[{"embeddable":true,"href":"http:\/\/www.portalmantena.com.br\/novo\/index.php?rest_route=\/wp\/v2\/users\/1"}],"replies":[{"embeddable":true,"href":"http:\/\/www.portalmantena.com.br\/novo\/index.php?rest_route=%2Fwp%2Fv2%2Fcomments&post=68959"}],"version-history":[{"count":2,"href":"http:\/\/www.portalmantena.com.br\/novo\/index.php?rest_route=\/wp\/v2\/posts\/68959\/revisions"}],"predecessor-version":[{"id":68967,"href":"http:\/\/www.portalmantena.com.br\/novo\/index.php?rest_route=\/wp\/v2\/posts\/68959\/revisions\/68967"}],"wp:featuredmedia":[{"embeddable":true,"href":"http:\/\/www.portalmantena.com.br\/novo\/index.php?rest_route=\/wp\/v2\/media\/68965"}],"wp:attachment":[{"href":"http:\/\/www.portalmantena.com.br\/novo\/index.php?rest_route=%2Fwp%2Fv2%2Fmedia&parent=68959"}],"wp:term":[{"taxonomy":"category","embeddable":true,"href":"http:\/\/www.portalmantena.com.br\/novo\/index.php?rest_route=%2Fwp%2Fv2%2Fcategories&post=68959"},{"taxonomy":"post_tag","embeddable":true,"href":"http:\/\/www.portalmantena.com.br\/novo\/index.php?rest_route=%2Fwp%2Fv2%2Ftags&post=68959"}],"curies":[{"name":"wp","href":"https:\/\/api.w.org\/{rel}","templated":true}]}}