{"id":68941,"date":"2022-06-23T11:01:54","date_gmt":"2022-06-23T14:01:54","guid":{"rendered":"http:\/\/www.portalmantena.com.br\/novo\/?p=68941"},"modified":"2022-06-23T11:04:47","modified_gmt":"2022-06-23T14:04:47","slug":"lojas-maconicas-com-novos-veneraveis-na-regiao","status":"publish","type":"post","link":"http:\/\/www.portalmantena.com.br\/novo\/?p=68941","title":{"rendered":"Lojas Ma\u00e7\u00f4nicas tem novos Vener\u00e1veis na regi\u00e3o"},"content":{"rendered":"<p><a href=\"http:\/\/www.portalmantena.com.br\/novo\/wp-content\/uploads\/2022\/06\/no230622loja1.jpg\"><img loading=\"lazy\" class=\"alignnone size-full wp-image-68942\" src=\"http:\/\/www.portalmantena.com.br\/novo\/wp-content\/uploads\/2022\/06\/no230622loja1.jpg\" alt=\"\" width=\"700\" height=\"450\" srcset=\"http:\/\/www.portalmantena.com.br\/novo\/wp-content\/uploads\/2022\/06\/no230622loja1.jpg 700w, http:\/\/www.portalmantena.com.br\/novo\/wp-content\/uploads\/2022\/06\/no230622loja1-300x193.jpg 300w, http:\/\/www.portalmantena.com.br\/novo\/wp-content\/uploads\/2022\/06\/no230622loja1-696x447.jpg 696w, http:\/\/www.portalmantena.com.br\/novo\/wp-content\/uploads\/2022\/06\/no230622loja1-653x420.jpg 653w\" sizes=\"(max-width: 700px) 100vw, 700px\" \/><\/a><\/p>\n<p><span style=\"font-size: 14pt;\">No \u00faltimo s\u00e1bado, dia 18 de junho 2022, aconteceu a troca de comando das Lojas Ma\u00e7\u00f4nicas Estrela de S\u00e3o Jo\u00e3o (de Mantena), Unidos de Mantena e Ac\u00e1cia Itabirense (de Itabirinha), que ter\u00e1 na sua dire\u00e7\u00e3o os IIr. Max Fabianne, Elizeu Gomes e Vanderley Vitorino, respectivamente, que ser\u00e3o os Vener\u00e1veis Mestres para o bi\u00eanio 2022 a 2024. <\/span><\/p>\n<p><span style=\"font-size: 18pt;\"><strong>Prestigiaram este momento irm\u00e3os de diversas cidades da regi\u00e3o e de outros Estados.<\/strong><\/span><\/p>\n<p><span style=\"font-size: 14pt;\"> Nesta mesma Sess\u00e3o aconteceu a posse dos Irm\u00e3os citados acima. <\/span><\/p>\n<p><span style=\"font-size: 14pt;\">A Loja Estrela de S\u00e3o Jo\u00e3o, de Mantena, que foi a anfitri\u00e3 desta cerim\u00f4nia numa concord\u00e2ncia das Lojas Unidos de Mantena e Ac\u00e1cia Itabirense e com autoriza\u00e7\u00e3o expressa da Grande Loja Ma\u00e7onica de Minas Gerais e que at\u00e9 ent\u00e3o tinha a sua frente o Ir. Jupiaci Ramalho (que deixa o cargo ap\u00f3s 04 anos), sentiu-se honrada com a ilustre presen\u00e7a de tantos Irm\u00e3os o que fortalece a Ma\u00e7onaria n\u00e3o s\u00f3 de Mantena mas de todo Leste de Minas e Esp\u00edrito Santo.<\/span><\/p>\n<p><span style=\"font-size: 14pt;\"><strong><em>\u201cOh qu\u00e3o bom e suave \u00e9 que os Irm\u00e3os vivam em Uni\u00e3o&#8230;\u201d (Salmo 133)<\/em><\/strong><\/span><\/p>\n<p><span style=\"font-size: 14pt;\">As Lojas presentes foram:\u00a0 L\u00edrios do Vale, Mestres do Vale, Paz e Progresso (Gov.Valadares); Ac\u00e1cia Itabirense(Itabirinha); Filhos da Ac\u00e1cia(Caratinga); Fraternidade do Universo(Agua Doce do Norte-ES); Vigilantes da \u00c1guia(Aguia Branca-ES); Silas Costa Camargo(Barra de S\u00e3o Francisco-ES); Caridade e Sil\u00eancio(Rio Novo-ES); Amigos do Mestre(Cental de Minas); Primeiro de Maio(Manten\u00f3polis-ES) ;Unidos de Mantena e Estrela de S\u00e3o Jo\u00e3o(Mantena).<\/span><\/p>\n<p><a href=\"http:\/\/www.portalmantena.com.br\/novo\/wp-content\/uploads\/2022\/06\/no230622loja2.jpg\"><img loading=\"lazy\" class=\"alignnone size-full wp-image-68943\" src=\"http:\/\/www.portalmantena.com.br\/novo\/wp-content\/uploads\/2022\/06\/no230622loja2.jpg\" alt=\"\" width=\"700\" height=\"450\" srcset=\"http:\/\/www.portalmantena.com.br\/novo\/wp-content\/uploads\/2022\/06\/no230622loja2.jpg 700w, http:\/\/www.portalmantena.com.br\/novo\/wp-content\/uploads\/2022\/06\/no230622loja2-300x193.jpg 300w, http:\/\/www.portalmantena.com.br\/novo\/wp-content\/uploads\/2022\/06\/no230622loja2-696x447.jpg 696w, http:\/\/www.portalmantena.com.br\/novo\/wp-content\/uploads\/2022\/06\/no230622loja2-653x420.jpg 653w\" sizes=\"(max-width: 700px) 100vw, 700px\" \/><\/a> <a href=\"http:\/\/www.portalmantena.com.br\/novo\/wp-content\/uploads\/2022\/06\/no230622loja3.jpg\"><img loading=\"lazy\" class=\"alignnone size-full wp-image-68944\" src=\"http:\/\/www.portalmantena.com.br\/novo\/wp-content\/uploads\/2022\/06\/no230622loja3.jpg\" alt=\"\" width=\"700\" height=\"450\" srcset=\"http:\/\/www.portalmantena.com.br\/novo\/wp-content\/uploads\/2022\/06\/no230622loja3.jpg 700w, http:\/\/www.portalmantena.com.br\/novo\/wp-content\/uploads\/2022\/06\/no230622loja3-300x193.jpg 300w, http:\/\/www.portalmantena.com.br\/novo\/wp-content\/uploads\/2022\/06\/no230622loja3-696x447.jpg 696w, http:\/\/www.portalmantena.com.br\/novo\/wp-content\/uploads\/2022\/06\/no230622loja3-653x420.jpg 653w\" sizes=\"(max-width: 700px) 100vw, 700px\" \/><\/a> <a href=\"http:\/\/www.portalmantena.com.br\/novo\/wp-content\/uploads\/2022\/06\/no230622loja4.jpg\"><img loading=\"lazy\" class=\"alignnone size-full wp-image-68945\" src=\"http:\/\/www.portalmantena.com.br\/novo\/wp-content\/uploads\/2022\/06\/no230622loja4.jpg\" alt=\"\" width=\"700\" height=\"450\" srcset=\"http:\/\/www.portalmantena.com.br\/novo\/wp-content\/uploads\/2022\/06\/no230622loja4.jpg 700w, http:\/\/www.portalmantena.com.br\/novo\/wp-content\/uploads\/2022\/06\/no230622loja4-300x193.jpg 300w, http:\/\/www.portalmantena.com.br\/novo\/wp-content\/uploads\/2022\/06\/no230622loja4-696x447.jpg 696w, http:\/\/www.portalmantena.com.br\/novo\/wp-content\/uploads\/2022\/06\/no230622loja4-653x420.jpg 653w\" sizes=\"(max-width: 700px) 100vw, 700px\" \/><\/a> <a href=\"http:\/\/www.portalmantena.com.br\/novo\/wp-content\/uploads\/2022\/06\/no230622loja5.jpg\"><img loading=\"lazy\" class=\"alignnone size-full wp-image-68946\" src=\"http:\/\/www.portalmantena.com.br\/novo\/wp-content\/uploads\/2022\/06\/no230622loja5.jpg\" alt=\"\" width=\"700\" height=\"450\" srcset=\"http:\/\/www.portalmantena.com.br\/novo\/wp-content\/uploads\/2022\/06\/no230622loja5.jpg 700w, http:\/\/www.portalmantena.com.br\/novo\/wp-content\/uploads\/2022\/06\/no230622loja5-300x193.jpg 300w, http:\/\/www.portalmantena.com.br\/novo\/wp-content\/uploads\/2022\/06\/no230622loja5-696x447.jpg 696w, http:\/\/www.portalmantena.com.br\/novo\/wp-content\/uploads\/2022\/06\/no230622loja5-653x420.jpg 653w\" sizes=\"(max-width: 700px) 100vw, 700px\" \/><\/a><\/p>\n<p><a href=\"http:\/\/www.portalmantena.com.br\/novo\/\"><img loading=\"lazy\" class=\"alignnone size-full wp-image-37331\" src=\"http:\/\/www.portalmantena.com.br\/novo\/wp-content\/uploads\/2018\/05\/faixaportalnoticias5.jpg\" alt=\"\" width=\"700\" height=\"40\" srcset=\"http:\/\/www.portalmantena.com.br\/novo\/wp-content\/uploads\/2018\/05\/faixaportalnoticias5.jpg 700w, http:\/\/www.portalmantena.com.br\/novo\/wp-content\/uploads\/2018\/05\/faixaportalnoticias5-300x17.jpg 300w, http:\/\/www.portalmantena.com.br\/novo\/wp-content\/uploads\/2018\/05\/faixaportalnoticias5-696x40.jpg 696w\" sizes=\"(max-width: 700px) 100vw, 700px\" \/><\/a><\/p>\n<p><span style=\"font-size: 10pt;\">ESPA\u00c7O EMPRESARIAL<\/span><img src=\"http:\/\/www.portalmantena.com.br\/novo\/wp-content\/uploads\/2021\/01\/bifao140121a.jpg\" \/><\/p>\n","protected":false},"excerpt":{"rendered":"<p>No \u00faltimo s\u00e1bado, dia 18 de junho 2022, aconteceu a troca de comando das Lojas Ma\u00e7\u00f4nicas Estrela de S\u00e3o Jo\u00e3o (de Mantena), Unidos de Mantena e Ac\u00e1cia Itabirense (de Itabirinha), que ter\u00e1 na sua dire\u00e7\u00e3o os IIr. Max Fabianne, Elizeu Gomes e Vanderley Vitorino, respectivamente, que ser\u00e3o os Vener\u00e1veis Mestres para o bi\u00eanio 2022 a [&hellip;]<\/p>\n","protected":false},"author":1,"featured_media":68942,"comment_status":"open","ping_status":"open","sticky":false,"template":"","format":"standard","meta":[],"categories":[12],"tags":[],"_links":{"self":[{"href":"http:\/\/www.portalmantena.com.br\/novo\/index.php?rest_route=\/wp\/v2\/posts\/68941"}],"collection":[{"href":"http:\/\/www.portalmantena.com.br\/novo\/index.php?rest_route=\/wp\/v2\/posts"}],"about":[{"href":"http:\/\/www.portalmantena.com.br\/novo\/index.php?rest_route=\/wp\/v2\/types\/post"}],"author":[{"embeddable":true,"href":"http:\/\/www.portalmantena.com.br\/novo\/index.php?rest_route=\/wp\/v2\/users\/1"}],"replies":[{"embeddable":true,"href":"http:\/\/www.portalmantena.com.br\/novo\/index.php?rest_route=%2Fwp%2Fv2%2Fcomments&post=68941"}],"version-history":[{"count":2,"href":"http:\/\/www.portalmantena.com.br\/novo\/index.php?rest_route=\/wp\/v2\/posts\/68941\/revisions"}],"predecessor-version":[{"id":68948,"href":"http:\/\/www.portalmantena.com.br\/novo\/index.php?rest_route=\/wp\/v2\/posts\/68941\/revisions\/68948"}],"wp:featuredmedia":[{"embeddable":true,"href":"http:\/\/www.portalmantena.com.br\/novo\/index.php?rest_route=\/wp\/v2\/media\/68942"}],"wp:attachment":[{"href":"http:\/\/www.portalmantena.com.br\/novo\/index.php?rest_route=%2Fwp%2Fv2%2Fmedia&parent=68941"}],"wp:term":[{"taxonomy":"category","embeddable":true,"href":"http:\/\/www.portalmantena.com.br\/novo\/index.php?rest_route=%2Fwp%2Fv2%2Fcategories&post=68941"},{"taxonomy":"post_tag","embeddable":true,"href":"http:\/\/www.portalmantena.com.br\/novo\/index.php?rest_route=%2Fwp%2Fv2%2Ftags&post=68941"}],"curies":[{"name":"wp","href":"https:\/\/api.w.org\/{rel}","templated":true}]}}