{"id":68936,"date":"2022-06-23T10:31:34","date_gmt":"2022-06-23T13:31:34","guid":{"rendered":"http:\/\/www.portalmantena.com.br\/novo\/?p=68936"},"modified":"2022-06-23T10:32:43","modified_gmt":"2022-06-23T13:32:43","slug":"festa-julina-no-centro-de-barra-de-sao-francisco","status":"publish","type":"post","link":"http:\/\/www.portalmantena.com.br\/novo\/?p=68936","title":{"rendered":"Festa Julina no centro de Barra de S\u00e3o Francisco"},"content":{"rendered":"<p><a href=\"http:\/\/www.portalmantena.com.br\/novo\/wp-content\/uploads\/2022\/06\/no220622festa.jpg\"><img loading=\"lazy\" class=\"alignnone size-full wp-image-68937\" src=\"http:\/\/www.portalmantena.com.br\/novo\/wp-content\/uploads\/2022\/06\/no220622festa.jpg\" alt=\"\" width=\"700\" height=\"450\" srcset=\"http:\/\/www.portalmantena.com.br\/novo\/wp-content\/uploads\/2022\/06\/no220622festa.jpg 700w, http:\/\/www.portalmantena.com.br\/novo\/wp-content\/uploads\/2022\/06\/no220622festa-300x193.jpg 300w, http:\/\/www.portalmantena.com.br\/novo\/wp-content\/uploads\/2022\/06\/no220622festa-696x447.jpg 696w, http:\/\/www.portalmantena.com.br\/novo\/wp-content\/uploads\/2022\/06\/no220622festa-653x420.jpg 653w\" sizes=\"(max-width: 700px) 100vw, 700px\" \/><\/a><\/p>\n<p><span style=\"font-size: 14pt;\">Depois do sucesso da 1\u00aa Festa do Caminhoneiro e da Safra do Caf\u00e9, vem a\u00ed a Festa de S\u00e3o Pedro, que ser\u00e1 promovida pela Prefeitura de Barra de S\u00e3o Francisco, atrav\u00e9s da Secretaria Municipal de Desenvolvimento Econ\u00f4mico, Cultura, Turismo e Gera\u00e7\u00e3o de Empregos (Semdege), com apoio da Secretaria Municipal de Educa\u00e7\u00e3o (Semed) e outras secret\u00e1rias municipais.<\/span><\/p>\n<p><span style=\"font-size: 14pt;\"> A festa, que ter\u00e1 cobran\u00e7a de entrada de R$ 2,00 acontecer\u00e1 no terreno da rodovi\u00e1ria, no centro da cidade. <\/span><\/p>\n<p><span style=\"font-size: 18pt;\"><strong>Toda a renda ser\u00e1 revertida em prol das escolas municipais, que tamb\u00e9m ser\u00e3o protagonistas no evento.<\/strong><\/span><\/p>\n<p><span style=\"font-size: 14pt;\"> Como \u00e9 de praxe, a Festa Julina ter\u00e1 fogueira, comidas t\u00edpicas, muitas brincadeiras e shows musicais com artistas da terra.<\/span><\/p>\n<p><a href=\"http:\/\/www.portalmantena.com.br\/novo\/\"><img loading=\"lazy\" class=\"alignnone size-full wp-image-37331\" src=\"http:\/\/www.portalmantena.com.br\/novo\/wp-content\/uploads\/2018\/05\/faixaportalnoticias5.jpg\" alt=\"\" width=\"700\" height=\"40\" srcset=\"http:\/\/www.portalmantena.com.br\/novo\/wp-content\/uploads\/2018\/05\/faixaportalnoticias5.jpg 700w, http:\/\/www.portalmantena.com.br\/novo\/wp-content\/uploads\/2018\/05\/faixaportalnoticias5-300x17.jpg 300w, http:\/\/www.portalmantena.com.br\/novo\/wp-content\/uploads\/2018\/05\/faixaportalnoticias5-696x40.jpg 696w\" sizes=\"(max-width: 700px) 100vw, 700px\" \/><\/a><\/p>\n<p><span style=\"font-size: 10pt;\">ESPA\u00c7O EMPRESARIAL<\/span><a href=\"http:\/\/www.portalmantena.com.br\/novo\/?p=53568\"><img loading=\"lazy\" class=\"alignnone size-full wp-image-54066\" src=\"http:\/\/www.portalmantena.com.br\/novo\/wp-content\/uploads\/2018\/05\/valenteapp.jpg\" alt=\"\" width=\"700\" height=\"150\" srcset=\"http:\/\/www.portalmantena.com.br\/novo\/wp-content\/uploads\/2018\/05\/valenteapp.jpg 700w, http:\/\/www.portalmantena.com.br\/novo\/wp-content\/uploads\/2018\/05\/valenteapp-300x64.jpg 300w, http:\/\/www.portalmantena.com.br\/novo\/wp-content\/uploads\/2018\/05\/valenteapp-696x150.jpg 696w\" sizes=\"(max-width: 700px) 100vw, 700px\" \/><\/a><\/p>\n","protected":false},"excerpt":{"rendered":"<p>Depois do sucesso da 1\u00aa Festa do Caminhoneiro e da Safra do Caf\u00e9, vem a\u00ed a Festa de S\u00e3o Pedro, que ser\u00e1 promovida pela Prefeitura de Barra de S\u00e3o Francisco, atrav\u00e9s da Secretaria Municipal de Desenvolvimento Econ\u00f4mico, Cultura, Turismo e Gera\u00e7\u00e3o de Empregos (Semdege), com apoio da Secretaria Municipal de Educa\u00e7\u00e3o (Semed) e outras secret\u00e1rias [&hellip;]<\/p>\n","protected":false},"author":1,"featured_media":68937,"comment_status":"open","ping_status":"open","sticky":false,"template":"","format":"standard","meta":[],"categories":[12],"tags":[],"_links":{"self":[{"href":"http:\/\/www.portalmantena.com.br\/novo\/index.php?rest_route=\/wp\/v2\/posts\/68936"}],"collection":[{"href":"http:\/\/www.portalmantena.com.br\/novo\/index.php?rest_route=\/wp\/v2\/posts"}],"about":[{"href":"http:\/\/www.portalmantena.com.br\/novo\/index.php?rest_route=\/wp\/v2\/types\/post"}],"author":[{"embeddable":true,"href":"http:\/\/www.portalmantena.com.br\/novo\/index.php?rest_route=\/wp\/v2\/users\/1"}],"replies":[{"embeddable":true,"href":"http:\/\/www.portalmantena.com.br\/novo\/index.php?rest_route=%2Fwp%2Fv2%2Fcomments&post=68936"}],"version-history":[{"count":1,"href":"http:\/\/www.portalmantena.com.br\/novo\/index.php?rest_route=\/wp\/v2\/posts\/68936\/revisions"}],"predecessor-version":[{"id":68939,"href":"http:\/\/www.portalmantena.com.br\/novo\/index.php?rest_route=\/wp\/v2\/posts\/68936\/revisions\/68939"}],"wp:featuredmedia":[{"embeddable":true,"href":"http:\/\/www.portalmantena.com.br\/novo\/index.php?rest_route=\/wp\/v2\/media\/68937"}],"wp:attachment":[{"href":"http:\/\/www.portalmantena.com.br\/novo\/index.php?rest_route=%2Fwp%2Fv2%2Fmedia&parent=68936"}],"wp:term":[{"taxonomy":"category","embeddable":true,"href":"http:\/\/www.portalmantena.com.br\/novo\/index.php?rest_route=%2Fwp%2Fv2%2Fcategories&post=68936"},{"taxonomy":"post_tag","embeddable":true,"href":"http:\/\/www.portalmantena.com.br\/novo\/index.php?rest_route=%2Fwp%2Fv2%2Ftags&post=68936"}],"curies":[{"name":"wp","href":"https:\/\/api.w.org\/{rel}","templated":true}]}}