{"id":68926,"date":"2022-06-21T08:36:21","date_gmt":"2022-06-21T11:36:21","guid":{"rendered":"http:\/\/www.portalmantena.com.br\/novo\/?p=68926"},"modified":"2022-06-21T08:36:21","modified_gmt":"2022-06-21T11:36:21","slug":"computadores-sao-furtados-de-escola-na-regiao","status":"publish","type":"post","link":"http:\/\/www.portalmantena.com.br\/novo\/?p=68926","title":{"rendered":"Computadores s\u00e3o furtados de escola na regi\u00e3o"},"content":{"rendered":"<p><a href=\"http:\/\/www.portalmantena.com.br\/novo\/wp-content\/uploads\/2022\/06\/pm1.jpg\"><img loading=\"lazy\" class=\"alignnone size-full wp-image-68927\" src=\"http:\/\/www.portalmantena.com.br\/novo\/wp-content\/uploads\/2022\/06\/pm1.jpg\" alt=\"\" width=\"700\" height=\"450\" srcset=\"http:\/\/www.portalmantena.com.br\/novo\/wp-content\/uploads\/2022\/06\/pm1.jpg 700w, http:\/\/www.portalmantena.com.br\/novo\/wp-content\/uploads\/2022\/06\/pm1-300x193.jpg 300w, http:\/\/www.portalmantena.com.br\/novo\/wp-content\/uploads\/2022\/06\/pm1-696x447.jpg 696w, http:\/\/www.portalmantena.com.br\/novo\/wp-content\/uploads\/2022\/06\/pm1-653x420.jpg 653w\" sizes=\"(max-width: 700px) 100vw, 700px\" \/><\/a><\/p>\n<p><span style=\"font-size: 14pt;\">Equipamentos de inform\u00e1ticas foram furtados na noite do \u00faltimo dia 08 de junho de uma escola estadual na cidade de Conselheiro Pena. <\/span><\/p>\n<p><span style=\"font-size: 14pt;\">A Pol\u00edcia Militar foi acionada pelo diretor da escola que relatou que durante a montagem de computadores que estavam na sala de inform\u00e1tica, foi constatado que duas caixas estavam abertas. <\/span><\/p>\n<p><span style=\"font-size: 18pt;\"><strong>Foi ent\u00e3o que deram falta de 02 gabinetes que comp\u00f5e os equipamentos da marca Positivo,\u00a0que s\u00e3o avaliados em torno de R$ 3.240,00. <\/strong><\/span><\/p>\n<p><span style=\"font-size: 14pt;\">N\u00e3o foi poss\u00edvel identificar quem teria cometido o crime. A Pol\u00edcia abriu investiga\u00e7\u00e3o para apurar o caso. (fonte:noticiasnoleste).<\/span><\/p>\n<p><a href=\"http:\/\/www.portalmantena.com.br\/novo\/\"><img loading=\"lazy\" class=\"alignnone size-full wp-image-37331\" src=\"http:\/\/www.portalmantena.com.br\/novo\/wp-content\/uploads\/2018\/05\/faixaportalnoticias5.jpg\" alt=\"\" width=\"700\" height=\"40\" srcset=\"http:\/\/www.portalmantena.com.br\/novo\/wp-content\/uploads\/2018\/05\/faixaportalnoticias5.jpg 700w, http:\/\/www.portalmantena.com.br\/novo\/wp-content\/uploads\/2018\/05\/faixaportalnoticias5-300x17.jpg 300w, http:\/\/www.portalmantena.com.br\/novo\/wp-content\/uploads\/2018\/05\/faixaportalnoticias5-696x40.jpg 696w\" sizes=\"(max-width: 700px) 100vw, 700px\" \/><\/a><\/p>\n<p>&nbsp;<\/p>\n<p><span style=\"font-size: 10pt;\">ESPA\u00c7O EMPRESARIAL<\/span><a href=\"https:\/\/www.facebook.com\/redecasasdastintas\/?__xts__[0]=68.ARBvBkEV-xf0LmeoVmLkmSNYi2fkJzyH_VdImjnJBqA-OJQ8WAGhfxFzuODZeXT97StHLCU2lui2hNiBS9juZZIIH59sSIfo9vM1711g7hmVObiniGMIKpCnGYGx_YmAkGj8o0shglKSje-m1cISUC5fXmbbIDZHgBn9rbll8J1_u-sWBptuc70mqMQ5dXSVaEbLcv7md0y1MndLTPX1QVF6vv_p8UwvHEYJiMzOeJ27-SNULvH_Ia_jzPUIPLemEjFfBOB1GDY2bKOl-hHJ82NDCthVWvRTDkLv5Ac-BJxkK8AMjv3yPHiiz_fTfCghxAzXR4kngL0HN5fNO2PSBWMM9g&amp;__tn__=HHH-R\"><img loading=\"lazy\" class=\"alignnone size-full wp-image-45727\" src=\"http:\/\/www.portalmantena.com.br\/novo\/wp-content\/uploads\/2018\/05\/casatintas120419.jpg\" alt=\"\" width=\"700\" height=\"150\" srcset=\"http:\/\/www.portalmantena.com.br\/novo\/wp-content\/uploads\/2018\/05\/casatintas120419.jpg 700w, http:\/\/www.portalmantena.com.br\/novo\/wp-content\/uploads\/2018\/05\/casatintas120419-300x64.jpg 300w, http:\/\/www.portalmantena.com.br\/novo\/wp-content\/uploads\/2018\/05\/casatintas120419-696x150.jpg 696w\" sizes=\"(max-width: 700px) 100vw, 700px\" \/><\/a><\/p>\n<p>&nbsp;<\/p>\n","protected":false},"excerpt":{"rendered":"<p>Equipamentos de inform\u00e1ticas foram furtados na noite do \u00faltimo dia 08 de junho de uma escola estadual na cidade de Conselheiro Pena. A Pol\u00edcia Militar foi acionada pelo diretor da escola que relatou que durante a montagem de computadores que estavam na sala de inform\u00e1tica, foi constatado que duas caixas estavam abertas. Foi ent\u00e3o que [&hellip;]<\/p>\n","protected":false},"author":1,"featured_media":68927,"comment_status":"open","ping_status":"open","sticky":false,"template":"","format":"standard","meta":[],"categories":[11,34],"tags":[],"_links":{"self":[{"href":"http:\/\/www.portalmantena.com.br\/novo\/index.php?rest_route=\/wp\/v2\/posts\/68926"}],"collection":[{"href":"http:\/\/www.portalmantena.com.br\/novo\/index.php?rest_route=\/wp\/v2\/posts"}],"about":[{"href":"http:\/\/www.portalmantena.com.br\/novo\/index.php?rest_route=\/wp\/v2\/types\/post"}],"author":[{"embeddable":true,"href":"http:\/\/www.portalmantena.com.br\/novo\/index.php?rest_route=\/wp\/v2\/users\/1"}],"replies":[{"embeddable":true,"href":"http:\/\/www.portalmantena.com.br\/novo\/index.php?rest_route=%2Fwp%2Fv2%2Fcomments&post=68926"}],"version-history":[{"count":1,"href":"http:\/\/www.portalmantena.com.br\/novo\/index.php?rest_route=\/wp\/v2\/posts\/68926\/revisions"}],"predecessor-version":[{"id":68928,"href":"http:\/\/www.portalmantena.com.br\/novo\/index.php?rest_route=\/wp\/v2\/posts\/68926\/revisions\/68928"}],"wp:featuredmedia":[{"embeddable":true,"href":"http:\/\/www.portalmantena.com.br\/novo\/index.php?rest_route=\/wp\/v2\/media\/68927"}],"wp:attachment":[{"href":"http:\/\/www.portalmantena.com.br\/novo\/index.php?rest_route=%2Fwp%2Fv2%2Fmedia&parent=68926"}],"wp:term":[{"taxonomy":"category","embeddable":true,"href":"http:\/\/www.portalmantena.com.br\/novo\/index.php?rest_route=%2Fwp%2Fv2%2Fcategories&post=68926"},{"taxonomy":"post_tag","embeddable":true,"href":"http:\/\/www.portalmantena.com.br\/novo\/index.php?rest_route=%2Fwp%2Fv2%2Ftags&post=68926"}],"curies":[{"name":"wp","href":"https:\/\/api.w.org\/{rel}","templated":true}]}}