{"id":68923,"date":"2022-06-21T08:29:51","date_gmt":"2022-06-21T11:29:51","guid":{"rendered":"http:\/\/www.portalmantena.com.br\/novo\/?p=68923"},"modified":"2022-06-21T08:29:51","modified_gmt":"2022-06-21T11:29:51","slug":"moto-sai-da-pista-em-grave-acidente-na-regiao","status":"publish","type":"post","link":"http:\/\/www.portalmantena.com.br\/novo\/?p=68923","title":{"rendered":"Moto sai da pista, em grave acidente na regi\u00e3o"},"content":{"rendered":"<p><a href=\"http:\/\/www.portalmantena.com.br\/novo\/wp-content\/uploads\/2022\/06\/no210622moto.jpg\"><img loading=\"lazy\" class=\"alignnone size-full wp-image-68924\" src=\"http:\/\/www.portalmantena.com.br\/novo\/wp-content\/uploads\/2022\/06\/no210622moto.jpg\" alt=\"\" width=\"700\" height=\"450\" srcset=\"http:\/\/www.portalmantena.com.br\/novo\/wp-content\/uploads\/2022\/06\/no210622moto.jpg 700w, http:\/\/www.portalmantena.com.br\/novo\/wp-content\/uploads\/2022\/06\/no210622moto-300x193.jpg 300w, http:\/\/www.portalmantena.com.br\/novo\/wp-content\/uploads\/2022\/06\/no210622moto-696x447.jpg 696w, http:\/\/www.portalmantena.com.br\/novo\/wp-content\/uploads\/2022\/06\/no210622moto-653x420.jpg 653w\" sizes=\"(max-width: 700px) 100vw, 700px\" \/><\/a><\/p>\n<p><span style=\"font-size: 14pt;\">Um grave acidente foi registrado pela Pol\u00edcia Militar na madrugada da \u00faltima segunda-feira dia 13 de junho, na altura do km 22, na estrada que liga Galileia ao munic\u00edpio de S\u00e3o Geraldo do Baixio. <\/span><\/p>\n<p><span style=\"font-size: 14pt;\">Militares de Galil\u00e9ia isolavam o local quando a Pol\u00edcia Rodovi\u00e1ria foi acionada. Segundo a PM, uma testemunha disse aos militares que visualizou a motocicleta invadindo a contram\u00e3o e ziguezagueando pela rodovia. <\/span><\/p>\n<p><span style=\"font-size: 18pt;\"><strong>Pouco depois o condutor saiu da pista e chocou-se contra a cerca. <\/strong><\/span><\/p>\n<p><span style=\"font-size: 14pt;\">A pr\u00f3pria testemunha acionou uma ambul\u00e2ncia que socorreu o condutor de 51 anos, sendo levado para a cidade de Governador Valadares em estado grave. <\/span><\/p>\n<p><span style=\"font-size: 14pt;\">J\u00e1 o passageiro de 47 anos morreu no local. <\/span><\/p>\n<p><span style=\"font-size: 14pt;\">O corpo foi encaminhado para o IML de Governador Valadares. (fonte\/foto:noticiasnoleste).<\/span><\/p>\n<p><a href=\"http:\/\/www.portalmantena.com.br\/novo\/\"><img loading=\"lazy\" class=\"alignnone size-full wp-image-37331\" src=\"http:\/\/www.portalmantena.com.br\/novo\/wp-content\/uploads\/2018\/05\/faixaportalnoticias5.jpg\" alt=\"\" width=\"700\" height=\"40\" srcset=\"http:\/\/www.portalmantena.com.br\/novo\/wp-content\/uploads\/2018\/05\/faixaportalnoticias5.jpg 700w, http:\/\/www.portalmantena.com.br\/novo\/wp-content\/uploads\/2018\/05\/faixaportalnoticias5-300x17.jpg 300w, http:\/\/www.portalmantena.com.br\/novo\/wp-content\/uploads\/2018\/05\/faixaportalnoticias5-696x40.jpg 696w\" sizes=\"(max-width: 700px) 100vw, 700px\" \/><\/a><\/p>\n<p><span style=\"font-size: 10pt;\">ESPA\u00c7O EMPRESARIAL<\/span><img src=\"http:\/\/www.portalmantena.com.br\/novo\/wp-content\/uploads\/2021\/01\/bifao140121a.jpg\" \/><\/p>\n","protected":false},"excerpt":{"rendered":"<p>Um grave acidente foi registrado pela Pol\u00edcia Militar na madrugada da \u00faltima segunda-feira dia 13 de junho, na altura do km 22, na estrada que liga Galileia ao munic\u00edpio de S\u00e3o Geraldo do Baixio. Militares de Galil\u00e9ia isolavam o local quando a Pol\u00edcia Rodovi\u00e1ria foi acionada. Segundo a PM, uma testemunha disse aos militares que [&hellip;]<\/p>\n","protected":false},"author":1,"featured_media":68924,"comment_status":"open","ping_status":"open","sticky":false,"template":"","format":"standard","meta":[],"categories":[11,34],"tags":[],"_links":{"self":[{"href":"http:\/\/www.portalmantena.com.br\/novo\/index.php?rest_route=\/wp\/v2\/posts\/68923"}],"collection":[{"href":"http:\/\/www.portalmantena.com.br\/novo\/index.php?rest_route=\/wp\/v2\/posts"}],"about":[{"href":"http:\/\/www.portalmantena.com.br\/novo\/index.php?rest_route=\/wp\/v2\/types\/post"}],"author":[{"embeddable":true,"href":"http:\/\/www.portalmantena.com.br\/novo\/index.php?rest_route=\/wp\/v2\/users\/1"}],"replies":[{"embeddable":true,"href":"http:\/\/www.portalmantena.com.br\/novo\/index.php?rest_route=%2Fwp%2Fv2%2Fcomments&post=68923"}],"version-history":[{"count":1,"href":"http:\/\/www.portalmantena.com.br\/novo\/index.php?rest_route=\/wp\/v2\/posts\/68923\/revisions"}],"predecessor-version":[{"id":68925,"href":"http:\/\/www.portalmantena.com.br\/novo\/index.php?rest_route=\/wp\/v2\/posts\/68923\/revisions\/68925"}],"wp:featuredmedia":[{"embeddable":true,"href":"http:\/\/www.portalmantena.com.br\/novo\/index.php?rest_route=\/wp\/v2\/media\/68924"}],"wp:attachment":[{"href":"http:\/\/www.portalmantena.com.br\/novo\/index.php?rest_route=%2Fwp%2Fv2%2Fmedia&parent=68923"}],"wp:term":[{"taxonomy":"category","embeddable":true,"href":"http:\/\/www.portalmantena.com.br\/novo\/index.php?rest_route=%2Fwp%2Fv2%2Fcategories&post=68923"},{"taxonomy":"post_tag","embeddable":true,"href":"http:\/\/www.portalmantena.com.br\/novo\/index.php?rest_route=%2Fwp%2Fv2%2Ftags&post=68923"}],"curies":[{"name":"wp","href":"https:\/\/api.w.org\/{rel}","templated":true}]}}