{"id":68908,"date":"2022-06-10T09:47:01","date_gmt":"2022-06-10T12:47:01","guid":{"rendered":"http:\/\/www.portalmantena.com.br\/novo\/?p=68908"},"modified":"2022-06-10T09:47:01","modified_gmt":"2022-06-10T12:47:01","slug":"mantena-denuncia-leva-pm-a-apreender-arma-de-fogo","status":"publish","type":"post","link":"http:\/\/www.portalmantena.com.br\/novo\/?p=68908","title":{"rendered":"Mantena: Den\u00fancia leva PM a apreender arma de fogo"},"content":{"rendered":"<p><a href=\"http:\/\/www.portalmantena.com.br\/novo\/wp-content\/uploads\/2022\/06\/no100622drogas2.jpg\"><img loading=\"lazy\" class=\"alignnone size-full wp-image-68909\" src=\"http:\/\/www.portalmantena.com.br\/novo\/wp-content\/uploads\/2022\/06\/no100622drogas2.jpg\" alt=\"\" width=\"700\" height=\"450\" srcset=\"http:\/\/www.portalmantena.com.br\/novo\/wp-content\/uploads\/2022\/06\/no100622drogas2.jpg 700w, http:\/\/www.portalmantena.com.br\/novo\/wp-content\/uploads\/2022\/06\/no100622drogas2-300x193.jpg 300w, http:\/\/www.portalmantena.com.br\/novo\/wp-content\/uploads\/2022\/06\/no100622drogas2-696x447.jpg 696w, http:\/\/www.portalmantena.com.br\/novo\/wp-content\/uploads\/2022\/06\/no100622drogas2-653x420.jpg 653w\" sizes=\"(max-width: 700px) 100vw, 700px\" \/><\/a><\/p>\n<p><span style=\"font-size: 14pt;\">Na noite do \u00faltimo dia 02 de junho no centro de Mantena, a equipe policial durante o patrulhamento, recebeu informa\u00e7\u00e3o de que um indiv\u00edduo estaria de posse de um rev\u00f3lver. <\/span><\/p>\n<p><span style=\"font-size: 14pt;\">Diante dos fatos, os militares se deslocaram at\u00e9 ao local, afim de verificar a veracidade do fato. No local, em contato com o autor de 64 anos, o mesmo autorizou a entrada dos militares em sua resid\u00eancia. <\/span><\/p>\n<p><span style=\"font-size: 14pt;\">De acordo com a PM, ap\u00f3s parlamenta\u00e7\u00e3o, o autor confessou aos militares que estaria de posse de um revolver. <\/span><\/p>\n<p><span style=\"font-size: 18pt;\"><strong>Ap\u00f3s indicar onde estaria a arma, os militares localizaram um revolver calibre .38 e 16 cartuchos .38 intactos. \u00a0<\/strong><\/span><\/p>\n<p><span style=\"font-size: 14pt;\">Diante dos fatos, o autor juntamente com a arma apreendida, foram encaminhados at\u00e9 a Delegacia de Pol\u00edcia Civil em Governador Valadares. (fonte\/foto:PMMG).<\/span><\/p>\n<p><a href=\"http:\/\/www.portalmantena.com.br\/novo\/\"><img loading=\"lazy\" class=\"alignnone size-full wp-image-37331\" src=\"http:\/\/www.portalmantena.com.br\/novo\/wp-content\/uploads\/2018\/05\/faixaportalnoticias5.jpg\" alt=\"\" width=\"700\" height=\"40\" srcset=\"http:\/\/www.portalmantena.com.br\/novo\/wp-content\/uploads\/2018\/05\/faixaportalnoticias5.jpg 700w, http:\/\/www.portalmantena.com.br\/novo\/wp-content\/uploads\/2018\/05\/faixaportalnoticias5-300x17.jpg 300w, http:\/\/www.portalmantena.com.br\/novo\/wp-content\/uploads\/2018\/05\/faixaportalnoticias5-696x40.jpg 696w\" sizes=\"(max-width: 700px) 100vw, 700px\" \/><\/a><\/p>\n<p><span style=\"font-size: 10pt;\">ESPA\u00c7O EMPRESARIAL<\/span><img src=\"http:\/\/www.portalmantena.com.br\/novo\/wp-content\/uploads\/2021\/01\/bifao140121a.jpg\" \/><\/p>\n","protected":false},"excerpt":{"rendered":"<p>Na noite do \u00faltimo dia 02 de junho no centro de Mantena, a equipe policial durante o patrulhamento, recebeu informa\u00e7\u00e3o de que um indiv\u00edduo estaria de posse de um rev\u00f3lver. Diante dos fatos, os militares se deslocaram at\u00e9 ao local, afim de verificar a veracidade do fato. No local, em contato com o autor de [&hellip;]<\/p>\n","protected":false},"author":1,"featured_media":68909,"comment_status":"open","ping_status":"open","sticky":false,"template":"","format":"standard","meta":[],"categories":[11,34],"tags":[],"_links":{"self":[{"href":"http:\/\/www.portalmantena.com.br\/novo\/index.php?rest_route=\/wp\/v2\/posts\/68908"}],"collection":[{"href":"http:\/\/www.portalmantena.com.br\/novo\/index.php?rest_route=\/wp\/v2\/posts"}],"about":[{"href":"http:\/\/www.portalmantena.com.br\/novo\/index.php?rest_route=\/wp\/v2\/types\/post"}],"author":[{"embeddable":true,"href":"http:\/\/www.portalmantena.com.br\/novo\/index.php?rest_route=\/wp\/v2\/users\/1"}],"replies":[{"embeddable":true,"href":"http:\/\/www.portalmantena.com.br\/novo\/index.php?rest_route=%2Fwp%2Fv2%2Fcomments&post=68908"}],"version-history":[{"count":1,"href":"http:\/\/www.portalmantena.com.br\/novo\/index.php?rest_route=\/wp\/v2\/posts\/68908\/revisions"}],"predecessor-version":[{"id":68910,"href":"http:\/\/www.portalmantena.com.br\/novo\/index.php?rest_route=\/wp\/v2\/posts\/68908\/revisions\/68910"}],"wp:featuredmedia":[{"embeddable":true,"href":"http:\/\/www.portalmantena.com.br\/novo\/index.php?rest_route=\/wp\/v2\/media\/68909"}],"wp:attachment":[{"href":"http:\/\/www.portalmantena.com.br\/novo\/index.php?rest_route=%2Fwp%2Fv2%2Fmedia&parent=68908"}],"wp:term":[{"taxonomy":"category","embeddable":true,"href":"http:\/\/www.portalmantena.com.br\/novo\/index.php?rest_route=%2Fwp%2Fv2%2Fcategories&post=68908"},{"taxonomy":"post_tag","embeddable":true,"href":"http:\/\/www.portalmantena.com.br\/novo\/index.php?rest_route=%2Fwp%2Fv2%2Ftags&post=68908"}],"curies":[{"name":"wp","href":"https:\/\/api.w.org\/{rel}","templated":true}]}}