{"id":68902,"date":"2022-06-10T09:04:01","date_gmt":"2022-06-10T12:04:01","guid":{"rendered":"http:\/\/www.portalmantena.com.br\/novo\/?p=68902"},"modified":"2022-06-10T09:04:01","modified_gmt":"2022-06-10T12:04:01","slug":"mantena-dupla-e-detida-com-maconha-crack-e-cocaina","status":"publish","type":"post","link":"http:\/\/www.portalmantena.com.br\/novo\/?p=68902","title":{"rendered":"Mantena: Dupla \u00e9 detida com Maconha, crack e coca\u00edna"},"content":{"rendered":"<p><a href=\"http:\/\/www.portalmantena.com.br\/novo\/wp-content\/uploads\/2022\/06\/no100622drogas.jpg\"><img loading=\"lazy\" class=\"alignnone size-full wp-image-68903\" src=\"http:\/\/www.portalmantena.com.br\/novo\/wp-content\/uploads\/2022\/06\/no100622drogas.jpg\" alt=\"\" width=\"700\" height=\"450\" srcset=\"http:\/\/www.portalmantena.com.br\/novo\/wp-content\/uploads\/2022\/06\/no100622drogas.jpg 700w, http:\/\/www.portalmantena.com.br\/novo\/wp-content\/uploads\/2022\/06\/no100622drogas-300x193.jpg 300w, http:\/\/www.portalmantena.com.br\/novo\/wp-content\/uploads\/2022\/06\/no100622drogas-696x447.jpg 696w, http:\/\/www.portalmantena.com.br\/novo\/wp-content\/uploads\/2022\/06\/no100622drogas-653x420.jpg 653w\" sizes=\"(max-width: 700px) 100vw, 700px\" \/><\/a><\/p>\n<p><span style=\"font-size: 14pt;\">Na noite do \u00faltimo s\u00e1bado dia 04 de junho em Mantena durante Opera\u00e7\u00e3o Policial no aglomerado Pires de Albuquerque, as guarni\u00e7\u00f5es PMs foram colocadas em pontos estrat\u00e9gicos ap\u00f3s receber denuncia de tr\u00e1fico de drogas.<\/span><\/p>\n<p><span style=\"font-size: 18pt;\"><strong> Durante monitoramento, de acordo com a PM foi visualizado intensa movimenta\u00e7\u00e3o de usu\u00e1rios em uma resid\u00eancia conhecida pela mercancia de drogas il\u00edcitas. <\/strong><\/span><\/p>\n<p><span style=\"font-size: 14pt;\">Foi realizado ent\u00e3o a abordagem e os policiais tiveram \u00eaxito em prender o autor de 32 Anos, e a autora de 20 Anos, sendo localizado 01 (uma) muni\u00e7\u00e3o de arma de fogo calibre .32, 01 (um) tablete de crack, 01(um) papelote de coca\u00edna, 01(uma) balan\u00e7a de precis\u00e3o, 01 (uma) barra de maconha, 21 (vinte e uma) buchas de maconha, R$ 231,00 (duzentos e trinta e um) reais, 03(tr\u00eas) aparelhos celulares e v\u00e1rias sacolas para embalar drogas. <\/span><\/p>\n<p><span style=\"font-size: 14pt;\">Diante dos fatos os autores foram presos e encaminhados para a delegacia de plant\u00e3o em Governador Valadares. (fonte\/foto:PMMG).<\/span><\/p>\n<p><a href=\"http:\/\/www.portalmantena.com.br\/novo\/\"><img loading=\"lazy\" class=\"alignnone size-full wp-image-37331\" src=\"http:\/\/www.portalmantena.com.br\/novo\/wp-content\/uploads\/2018\/05\/faixaportalnoticias5.jpg\" alt=\"\" width=\"700\" height=\"40\" srcset=\"http:\/\/www.portalmantena.com.br\/novo\/wp-content\/uploads\/2018\/05\/faixaportalnoticias5.jpg 700w, http:\/\/www.portalmantena.com.br\/novo\/wp-content\/uploads\/2018\/05\/faixaportalnoticias5-300x17.jpg 300w, http:\/\/www.portalmantena.com.br\/novo\/wp-content\/uploads\/2018\/05\/faixaportalnoticias5-696x40.jpg 696w\" sizes=\"(max-width: 700px) 100vw, 700px\" \/><\/a><\/p>\n<p><span style=\"font-size: 10pt;\">ESPA\u00c7O EMPRESARIAL<\/span><a href=\"https:\/\/www.facebook.com\/redecasasdastintas\/?__xts__[0]=68.ARBvBkEV-xf0LmeoVmLkmSNYi2fkJzyH_VdImjnJBqA-OJQ8WAGhfxFzuODZeXT97StHLCU2lui2hNiBS9juZZIIH59sSIfo9vM1711g7hmVObiniGMIKpCnGYGx_YmAkGj8o0shglKSje-m1cISUC5fXmbbIDZHgBn9rbll8J1_u-sWBptuc70mqMQ5dXSVaEbLcv7md0y1MndLTPX1QVF6vv_p8UwvHEYJiMzOeJ27-SNULvH_Ia_jzPUIPLemEjFfBOB1GDY2bKOl-hHJ82NDCthVWvRTDkLv5Ac-BJxkK8AMjv3yPHiiz_fTfCghxAzXR4kngL0HN5fNO2PSBWMM9g&amp;__tn__=HHH-R\"><img loading=\"lazy\" class=\"alignnone size-full wp-image-45727\" src=\"http:\/\/www.portalmantena.com.br\/novo\/wp-content\/uploads\/2018\/05\/casatintas120419.jpg\" alt=\"\" width=\"700\" height=\"150\" srcset=\"http:\/\/www.portalmantena.com.br\/novo\/wp-content\/uploads\/2018\/05\/casatintas120419.jpg 700w, http:\/\/www.portalmantena.com.br\/novo\/wp-content\/uploads\/2018\/05\/casatintas120419-300x64.jpg 300w, http:\/\/www.portalmantena.com.br\/novo\/wp-content\/uploads\/2018\/05\/casatintas120419-696x150.jpg 696w\" sizes=\"(max-width: 700px) 100vw, 700px\" \/><\/a><\/p>\n","protected":false},"excerpt":{"rendered":"<p>Na noite do \u00faltimo s\u00e1bado dia 04 de junho em Mantena durante Opera\u00e7\u00e3o Policial no aglomerado Pires de Albuquerque, as guarni\u00e7\u00f5es PMs foram colocadas em pontos estrat\u00e9gicos ap\u00f3s receber denuncia de tr\u00e1fico de drogas. Durante monitoramento, de acordo com a PM foi visualizado intensa movimenta\u00e7\u00e3o de usu\u00e1rios em uma resid\u00eancia conhecida pela mercancia de drogas [&hellip;]<\/p>\n","protected":false},"author":1,"featured_media":68903,"comment_status":"open","ping_status":"open","sticky":false,"template":"","format":"standard","meta":[],"categories":[11,34],"tags":[],"_links":{"self":[{"href":"http:\/\/www.portalmantena.com.br\/novo\/index.php?rest_route=\/wp\/v2\/posts\/68902"}],"collection":[{"href":"http:\/\/www.portalmantena.com.br\/novo\/index.php?rest_route=\/wp\/v2\/posts"}],"about":[{"href":"http:\/\/www.portalmantena.com.br\/novo\/index.php?rest_route=\/wp\/v2\/types\/post"}],"author":[{"embeddable":true,"href":"http:\/\/www.portalmantena.com.br\/novo\/index.php?rest_route=\/wp\/v2\/users\/1"}],"replies":[{"embeddable":true,"href":"http:\/\/www.portalmantena.com.br\/novo\/index.php?rest_route=%2Fwp%2Fv2%2Fcomments&post=68902"}],"version-history":[{"count":1,"href":"http:\/\/www.portalmantena.com.br\/novo\/index.php?rest_route=\/wp\/v2\/posts\/68902\/revisions"}],"predecessor-version":[{"id":68904,"href":"http:\/\/www.portalmantena.com.br\/novo\/index.php?rest_route=\/wp\/v2\/posts\/68902\/revisions\/68904"}],"wp:featuredmedia":[{"embeddable":true,"href":"http:\/\/www.portalmantena.com.br\/novo\/index.php?rest_route=\/wp\/v2\/media\/68903"}],"wp:attachment":[{"href":"http:\/\/www.portalmantena.com.br\/novo\/index.php?rest_route=%2Fwp%2Fv2%2Fmedia&parent=68902"}],"wp:term":[{"taxonomy":"category","embeddable":true,"href":"http:\/\/www.portalmantena.com.br\/novo\/index.php?rest_route=%2Fwp%2Fv2%2Fcategories&post=68902"},{"taxonomy":"post_tag","embeddable":true,"href":"http:\/\/www.portalmantena.com.br\/novo\/index.php?rest_route=%2Fwp%2Fv2%2Ftags&post=68902"}],"curies":[{"name":"wp","href":"https:\/\/api.w.org\/{rel}","templated":true}]}}