{"id":68722,"date":"2022-04-06T09:52:14","date_gmt":"2022-04-06T12:52:14","guid":{"rendered":"http:\/\/www.portalmantena.com.br\/novo\/?p=68722"},"modified":"2022-04-06T11:22:48","modified_gmt":"2022-04-06T14:22:48","slug":"mantena-grao-mestre-visita-loja-estrela-de-sao-joao","status":"publish","type":"post","link":"http:\/\/www.portalmantena.com.br\/novo\/?p=68722","title":{"rendered":"Mantena: Gr\u00e3o Mestre visita Loja Estrela de S\u00e3o Jo\u00e3o"},"content":{"rendered":"<p><a href=\"http:\/\/www.portalmantena.com.br\/novo\/wp-content\/uploads\/2022\/04\/no060422olja5.jpg\"><img loading=\"lazy\" class=\"alignnone size-full wp-image-68727\" src=\"http:\/\/www.portalmantena.com.br\/novo\/wp-content\/uploads\/2022\/04\/no060422olja5.jpg\" alt=\"\" width=\"700\" height=\"450\" srcset=\"http:\/\/www.portalmantena.com.br\/novo\/wp-content\/uploads\/2022\/04\/no060422olja5.jpg 700w, http:\/\/www.portalmantena.com.br\/novo\/wp-content\/uploads\/2022\/04\/no060422olja5-300x193.jpg 300w, http:\/\/www.portalmantena.com.br\/novo\/wp-content\/uploads\/2022\/04\/no060422olja5-696x447.jpg 696w, http:\/\/www.portalmantena.com.br\/novo\/wp-content\/uploads\/2022\/04\/no060422olja5-653x420.jpg 653w\" sizes=\"(max-width: 700px) 100vw, 700px\" \/><\/a><\/p>\n<p><span style=\"font-size: 14pt;\">Esteve no \u00faltimo s\u00e1bado, dia 02 de abril de 2022 em Mantena, o <strong>Seren\u00edssimo Gr\u00e3o Mestre Ir. S\u00e9rgio Quirino Guimar\u00e3es, da Grande Loja Ma\u00e7\u00f4nica de Minas Gerais<\/strong>, acompanhado de seus auxiliares diretos, Ir. Rodrigo Ot\u00e1vio dos Anjos, 1\u00ba. <\/span><\/p>\n<p><span style=\"font-size: 14pt;\">Grande Vigilante, Ir Rodrigo Laguna, 2\u00ba. Grande Vigilantes e o Ir Marlos Cesar Novais, Delegado Geral da Grande Loja Ma\u00e7\u00f4nica, vindos especialmente para Sess\u00e3o Magna de Sagra\u00e7\u00e3o do Templo da Loja Ma\u00e7\u00f4nica Estrela de S\u00e3o Jo\u00e3o que teve seu in\u00edcio as 18 horas na Sede da Loja localizada a Av. Agostinho An\u00edzio, 158 no Bairro de Vila Nova<strong>. <\/strong><\/span><\/p>\n<p><span style=\"font-size: 14pt;\"><strong>A Sess\u00e3o Magna foi presidida pelo Seren\u00edssimo Gr\u00e3o Mestre Ir Quirino tendo ao seu lado o Ir Jup\u00edaci Ramalho \u2013 Vener\u00e1vel Mestre da Loja Estrela de S\u00e3o Jo\u00e3o<\/strong>, onde registrou-se a presen\u00e7a de 14(*) (quatorze) Lojas de Minas e Espirito Santo registrando um total de 65 IIr ao evento.<\/span><\/p>\n<p><strong><span style=\"font-size: 18pt;\"> Importante destacar que j\u00e1 perfaz mais de 20 (vinte) anos da vinda de um Gr\u00e3o Mestre a esta cidade e regi\u00e3o. <\/span><\/strong><\/p>\n<p><span style=\"font-size: 14pt;\">Foram entregues 03 (tr\u00eas) comendas aos IIr que ao longo deste tempo de exist\u00eancia da Loja Estrela de S\u00e3o Jo\u00e3o, 27 anos, se destacaram com seu trabalho e dedica\u00e7\u00e3o \u00e0 Ma\u00e7onaria, foram eles: Ir Jaime Machado da Silva \u201cOrdem da Ac\u00e1cia\u201d\u201d , Ir Ronaldo F\u00e9lix Moreira \u201cOrdem do Construtor do Templo\u201d e ao Ir Manoel Marques dos Santos \u201cOrdem da \u00c1guia\u201d. <\/span><\/p>\n<p><span style=\"font-size: 14pt;\">Todas estas comendas s\u00e3o expedidas e autorizadas pelo Gr\u00e3o Mestre.<\/span><\/p>\n<p><span style=\"font-size: 10pt;\"><strong><em>(*) LOJA 13 DE MAIO-GV,LIRIOS DO VALE-GV,VOLUNT\u00c1RIOS PERFEI\u00c7\u00c3O-GV,14 DE JULHO-BSF,-EUGENIO MENEGUELLI-COLATINA-SILAS COSTA-BSF,VIGILANTES DA AGUIA-AGUIA BRANCA,PALADINOS DA LIBERDADE-LEOPOLDINA,F\u00c9 E PERSERVERAN\u00c7A-BH,-AMIGOS DO MESTRE-C MINAS,IIR UNIDOS DIVINENSE-DIVINO DAS LARANJEIRAS,ACACIA ITABIRENSE-ITABIRINHA,1\u00ba de MAIO-MANTEN\u00d3POLIS-FLORIANO PEIXOTO-AIMOR\u00c9S e ESTRELA DE S\u00c3O JO\u00c3O-MANTENA.<\/em><\/strong><\/span><\/p>\n<p><a href=\"http:\/\/www.portalmantena.com.br\/novo\/wp-content\/uploads\/2022\/04\/no060422olja2.jpg\"><img loading=\"lazy\" class=\"alignnone size-full wp-image-68724\" src=\"http:\/\/www.portalmantena.com.br\/novo\/wp-content\/uploads\/2022\/04\/no060422olja2.jpg\" alt=\"\" width=\"700\" height=\"450\" srcset=\"http:\/\/www.portalmantena.com.br\/novo\/wp-content\/uploads\/2022\/04\/no060422olja2.jpg 700w, http:\/\/www.portalmantena.com.br\/novo\/wp-content\/uploads\/2022\/04\/no060422olja2-300x193.jpg 300w, http:\/\/www.portalmantena.com.br\/novo\/wp-content\/uploads\/2022\/04\/no060422olja2-696x447.jpg 696w, http:\/\/www.portalmantena.com.br\/novo\/wp-content\/uploads\/2022\/04\/no060422olja2-653x420.jpg 653w\" sizes=\"(max-width: 700px) 100vw, 700px\" \/><\/a> <a href=\"http:\/\/www.portalmantena.com.br\/novo\/wp-content\/uploads\/2022\/04\/no060422olja3.jpg\"><img loading=\"lazy\" class=\"alignnone size-full wp-image-68725\" src=\"http:\/\/www.portalmantena.com.br\/novo\/wp-content\/uploads\/2022\/04\/no060422olja3.jpg\" alt=\"\" width=\"700\" height=\"450\" srcset=\"http:\/\/www.portalmantena.com.br\/novo\/wp-content\/uploads\/2022\/04\/no060422olja3.jpg 700w, http:\/\/www.portalmantena.com.br\/novo\/wp-content\/uploads\/2022\/04\/no060422olja3-300x193.jpg 300w, http:\/\/www.portalmantena.com.br\/novo\/wp-content\/uploads\/2022\/04\/no060422olja3-696x447.jpg 696w, http:\/\/www.portalmantena.com.br\/novo\/wp-content\/uploads\/2022\/04\/no060422olja3-653x420.jpg 653w\" sizes=\"(max-width: 700px) 100vw, 700px\" \/><\/a> <a href=\"http:\/\/www.portalmantena.com.br\/novo\/wp-content\/uploads\/2022\/04\/no060422olja4.jpg\"><img loading=\"lazy\" class=\"alignnone size-full wp-image-68726\" src=\"http:\/\/www.portalmantena.com.br\/novo\/wp-content\/uploads\/2022\/04\/no060422olja4.jpg\" alt=\"\" width=\"700\" height=\"450\" srcset=\"http:\/\/www.portalmantena.com.br\/novo\/wp-content\/uploads\/2022\/04\/no060422olja4.jpg 700w, http:\/\/www.portalmantena.com.br\/novo\/wp-content\/uploads\/2022\/04\/no060422olja4-300x193.jpg 300w, http:\/\/www.portalmantena.com.br\/novo\/wp-content\/uploads\/2022\/04\/no060422olja4-696x447.jpg 696w, http:\/\/www.portalmantena.com.br\/novo\/wp-content\/uploads\/2022\/04\/no060422olja4-653x420.jpg 653w\" sizes=\"(max-width: 700px) 100vw, 700px\" \/><\/a> <a href=\"http:\/\/www.portalmantena.com.br\/novo\/wp-content\/uploads\/2022\/04\/no060422olja1.jpg\"><img loading=\"lazy\" class=\"alignnone size-full wp-image-68723\" src=\"http:\/\/www.portalmantena.com.br\/novo\/wp-content\/uploads\/2022\/04\/no060422olja1.jpg\" alt=\"\" width=\"700\" height=\"450\" srcset=\"http:\/\/www.portalmantena.com.br\/novo\/wp-content\/uploads\/2022\/04\/no060422olja1.jpg 700w, http:\/\/www.portalmantena.com.br\/novo\/wp-content\/uploads\/2022\/04\/no060422olja1-300x193.jpg 300w, http:\/\/www.portalmantena.com.br\/novo\/wp-content\/uploads\/2022\/04\/no060422olja1-696x447.jpg 696w, http:\/\/www.portalmantena.com.br\/novo\/wp-content\/uploads\/2022\/04\/no060422olja1-653x420.jpg 653w\" sizes=\"(max-width: 700px) 100vw, 700px\" \/><\/a><\/p>\n<p><a href=\"http:\/\/www.portalmantena.com.br\/novo\/\"><img loading=\"lazy\" class=\"alignnone size-full wp-image-37331\" src=\"http:\/\/www.portalmantena.com.br\/novo\/wp-content\/uploads\/2018\/05\/faixaportalnoticias5.jpg\" alt=\"\" width=\"700\" height=\"40\" srcset=\"http:\/\/www.portalmantena.com.br\/novo\/wp-content\/uploads\/2018\/05\/faixaportalnoticias5.jpg 700w, http:\/\/www.portalmantena.com.br\/novo\/wp-content\/uploads\/2018\/05\/faixaportalnoticias5-300x17.jpg 300w, http:\/\/www.portalmantena.com.br\/novo\/wp-content\/uploads\/2018\/05\/faixaportalnoticias5-696x40.jpg 696w\" sizes=\"(max-width: 700px) 100vw, 700px\" \/><\/a><\/p>\n<p><span style=\"font-size: 10pt;\">ESPA\u00c7O EMPRESARIAL<\/span><a href=\"http:\/\/www.portalmantena.com.br\/novo\/wp-content\/uploads\/2018\/05\/higiclean-1.jpg\"><img loading=\"lazy\" class=\"alignnone size-full wp-image-68529\" src=\"http:\/\/www.portalmantena.com.br\/novo\/wp-content\/uploads\/2018\/05\/higiclean-1.jpg\" alt=\"\" width=\"700\" height=\"150\" srcset=\"http:\/\/www.portalmantena.com.br\/novo\/wp-content\/uploads\/2018\/05\/higiclean-1.jpg 700w, http:\/\/www.portalmantena.com.br\/novo\/wp-content\/uploads\/2018\/05\/higiclean-1-300x64.jpg 300w, http:\/\/www.portalmantena.com.br\/novo\/wp-content\/uploads\/2018\/05\/higiclean-1-696x150.jpg 696w\" sizes=\"(max-width: 700px) 100vw, 700px\" \/><\/a><\/p>\n","protected":false},"excerpt":{"rendered":"<p>Esteve no \u00faltimo s\u00e1bado, dia 02 de abril de 2022 em Mantena, o Seren\u00edssimo Gr\u00e3o Mestre Ir. S\u00e9rgio Quirino Guimar\u00e3es, da Grande Loja Ma\u00e7\u00f4nica de Minas Gerais, acompanhado de seus auxiliares diretos, Ir. Rodrigo Ot\u00e1vio dos Anjos, 1\u00ba. Grande Vigilante, Ir Rodrigo Laguna, 2\u00ba. Grande Vigilantes e o Ir Marlos Cesar Novais, Delegado Geral da [&hellip;]<\/p>\n","protected":false},"author":1,"featured_media":68726,"comment_status":"open","ping_status":"open","sticky":false,"template":"","format":"standard","meta":[],"categories":[12],"tags":[],"_links":{"self":[{"href":"http:\/\/www.portalmantena.com.br\/novo\/index.php?rest_route=\/wp\/v2\/posts\/68722"}],"collection":[{"href":"http:\/\/www.portalmantena.com.br\/novo\/index.php?rest_route=\/wp\/v2\/posts"}],"about":[{"href":"http:\/\/www.portalmantena.com.br\/novo\/index.php?rest_route=\/wp\/v2\/types\/post"}],"author":[{"embeddable":true,"href":"http:\/\/www.portalmantena.com.br\/novo\/index.php?rest_route=\/wp\/v2\/users\/1"}],"replies":[{"embeddable":true,"href":"http:\/\/www.portalmantena.com.br\/novo\/index.php?rest_route=%2Fwp%2Fv2%2Fcomments&post=68722"}],"version-history":[{"count":2,"href":"http:\/\/www.portalmantena.com.br\/novo\/index.php?rest_route=\/wp\/v2\/posts\/68722\/revisions"}],"predecessor-version":[{"id":68729,"href":"http:\/\/www.portalmantena.com.br\/novo\/index.php?rest_route=\/wp\/v2\/posts\/68722\/revisions\/68729"}],"wp:featuredmedia":[{"embeddable":true,"href":"http:\/\/www.portalmantena.com.br\/novo\/index.php?rest_route=\/wp\/v2\/media\/68726"}],"wp:attachment":[{"href":"http:\/\/www.portalmantena.com.br\/novo\/index.php?rest_route=%2Fwp%2Fv2%2Fmedia&parent=68722"}],"wp:term":[{"taxonomy":"category","embeddable":true,"href":"http:\/\/www.portalmantena.com.br\/novo\/index.php?rest_route=%2Fwp%2Fv2%2Fcategories&post=68722"},{"taxonomy":"post_tag","embeddable":true,"href":"http:\/\/www.portalmantena.com.br\/novo\/index.php?rest_route=%2Fwp%2Fv2%2Ftags&post=68722"}],"curies":[{"name":"wp","href":"https:\/\/api.w.org\/{rel}","templated":true}]}}