{"id":68695,"date":"2022-04-04T10:19:04","date_gmt":"2022-04-04T13:19:04","guid":{"rendered":"http:\/\/www.portalmantena.com.br\/novo\/?p=68695"},"modified":"2022-04-04T10:19:04","modified_gmt":"2022-04-04T13:19:04","slug":"regiao-acidente-entre-carro-e-moto-deixa-um-ferido","status":"publish","type":"post","link":"http:\/\/www.portalmantena.com.br\/novo\/?p=68695","title":{"rendered":"Regi\u00e3o: Acidente entre carro e moto deixa um ferido"},"content":{"rendered":"<p><a href=\"http:\/\/www.portalmantena.com.br\/novo\/wp-content\/uploads\/2022\/04\/no040422aci.jpg\"><img loading=\"lazy\" class=\"alignnone size-full wp-image-68696\" src=\"http:\/\/www.portalmantena.com.br\/novo\/wp-content\/uploads\/2022\/04\/no040422aci.jpg\" alt=\"\" width=\"700\" height=\"450\" srcset=\"http:\/\/www.portalmantena.com.br\/novo\/wp-content\/uploads\/2022\/04\/no040422aci.jpg 700w, http:\/\/www.portalmantena.com.br\/novo\/wp-content\/uploads\/2022\/04\/no040422aci-300x193.jpg 300w, http:\/\/www.portalmantena.com.br\/novo\/wp-content\/uploads\/2022\/04\/no040422aci-696x447.jpg 696w, http:\/\/www.portalmantena.com.br\/novo\/wp-content\/uploads\/2022\/04\/no040422aci-653x420.jpg 653w\" sizes=\"(max-width: 700px) 100vw, 700px\" \/><\/a><\/p>\n<p><span style=\"font-size: 14pt;\">Um acidente envolvendo um autom\u00f3vel e uma motocicleta foi registrado, na noite da \u00faltima sexta-feira dia 1\u00ba de abril no centro da cidade de Galil\u00e9ia. <\/span><\/p>\n<p><span style=\"font-size: 14pt;\">A Pol\u00edcia Militar foi acionada, e quando chegou ao local encontrou o condutor da motocicleta ca\u00eddo no ch\u00e3o e se queixando de dores pelo corpo. <\/span><\/p>\n<p><span style=\"font-size: 18pt;\"><strong>Imediatamente foi acionada a ambul\u00e2ncia do munic\u00edpio que prestou o socorro \u00e0 v\u00edtima. <\/strong><\/span><\/p>\n<p><span style=\"font-size: 14pt;\">Segundo o condutor do autom\u00f3vel relatou aos militares, ele transitava pela rua Amilcar Pinto e ao chegar no cruzamento com a avenida Oito de Dezembro,\u00a0percebeu um forte impacto no ve\u00edculo e visualizou uma motocicleta e seu condutor ca\u00eddos no ch\u00e3o. <\/span><\/p>\n<p><span style=\"font-size: 14pt;\">O condutor da motocicleta estava l\u00facido, por\u00e9m com dificuldades para falar, n\u00e3o sendo poss\u00edvel colher sua vers\u00e3o dos fatos. <\/span><\/p>\n<p><span style=\"font-size: 14pt;\">Os ve\u00edculos foram liberados estando habilitados. N\u00e3o foi informado o estado de sa\u00fade do motociclista. (fonte\/foto:noticiasnoleste).<\/span><\/p>\n<p><a href=\"http:\/\/www.portalmantena.com.br\/novo\/\"><img loading=\"lazy\" class=\"alignnone size-full wp-image-37331\" src=\"http:\/\/www.portalmantena.com.br\/novo\/wp-content\/uploads\/2018\/05\/faixaportalnoticias5.jpg\" alt=\"\" width=\"700\" height=\"40\" srcset=\"http:\/\/www.portalmantena.com.br\/novo\/wp-content\/uploads\/2018\/05\/faixaportalnoticias5.jpg 700w, http:\/\/www.portalmantena.com.br\/novo\/wp-content\/uploads\/2018\/05\/faixaportalnoticias5-300x17.jpg 300w, http:\/\/www.portalmantena.com.br\/novo\/wp-content\/uploads\/2018\/05\/faixaportalnoticias5-696x40.jpg 696w\" sizes=\"(max-width: 700px) 100vw, 700px\" \/><\/a><\/p>\n<p><span style=\"font-size: 10pt;\">ESPA\u00c7O EMPRESARIAL<\/span><img src=\"http:\/\/www.portalmantena.com.br\/novo\/wp-content\/uploads\/2021\/01\/bifao140121a.jpg\" \/><\/p>\n","protected":false},"excerpt":{"rendered":"<p>Um acidente envolvendo um autom\u00f3vel e uma motocicleta foi registrado, na noite da \u00faltima sexta-feira dia 1\u00ba de abril no centro da cidade de Galil\u00e9ia. A Pol\u00edcia Militar foi acionada, e quando chegou ao local encontrou o condutor da motocicleta ca\u00eddo no ch\u00e3o e se queixando de dores pelo corpo. Imediatamente foi acionada a ambul\u00e2ncia [&hellip;]<\/p>\n","protected":false},"author":1,"featured_media":68696,"comment_status":"open","ping_status":"open","sticky":false,"template":"","format":"standard","meta":[],"categories":[11,34],"tags":[],"_links":{"self":[{"href":"http:\/\/www.portalmantena.com.br\/novo\/index.php?rest_route=\/wp\/v2\/posts\/68695"}],"collection":[{"href":"http:\/\/www.portalmantena.com.br\/novo\/index.php?rest_route=\/wp\/v2\/posts"}],"about":[{"href":"http:\/\/www.portalmantena.com.br\/novo\/index.php?rest_route=\/wp\/v2\/types\/post"}],"author":[{"embeddable":true,"href":"http:\/\/www.portalmantena.com.br\/novo\/index.php?rest_route=\/wp\/v2\/users\/1"}],"replies":[{"embeddable":true,"href":"http:\/\/www.portalmantena.com.br\/novo\/index.php?rest_route=%2Fwp%2Fv2%2Fcomments&post=68695"}],"version-history":[{"count":1,"href":"http:\/\/www.portalmantena.com.br\/novo\/index.php?rest_route=\/wp\/v2\/posts\/68695\/revisions"}],"predecessor-version":[{"id":68698,"href":"http:\/\/www.portalmantena.com.br\/novo\/index.php?rest_route=\/wp\/v2\/posts\/68695\/revisions\/68698"}],"wp:featuredmedia":[{"embeddable":true,"href":"http:\/\/www.portalmantena.com.br\/novo\/index.php?rest_route=\/wp\/v2\/media\/68696"}],"wp:attachment":[{"href":"http:\/\/www.portalmantena.com.br\/novo\/index.php?rest_route=%2Fwp%2Fv2%2Fmedia&parent=68695"}],"wp:term":[{"taxonomy":"category","embeddable":true,"href":"http:\/\/www.portalmantena.com.br\/novo\/index.php?rest_route=%2Fwp%2Fv2%2Fcategories&post=68695"},{"taxonomy":"post_tag","embeddable":true,"href":"http:\/\/www.portalmantena.com.br\/novo\/index.php?rest_route=%2Fwp%2Fv2%2Ftags&post=68695"}],"curies":[{"name":"wp","href":"https:\/\/api.w.org\/{rel}","templated":true}]}}