{"id":68634,"date":"2022-03-08T11:02:12","date_gmt":"2022-03-08T14:02:12","guid":{"rendered":"http:\/\/www.portalmantena.com.br\/novo\/?p=68634"},"modified":"2022-03-08T11:02:50","modified_gmt":"2022-03-08T14:02:50","slug":"uma-homenagem-as-mulheres-pelo-seu-dia","status":"publish","type":"post","link":"http:\/\/www.portalmantena.com.br\/novo\/?p=68634","title":{"rendered":"Mulheres Cursilhistas sendo homenageadas em Mantena"},"content":{"rendered":"<p><a href=\"http:\/\/www.portalmantena.com.br\/novo\/wp-content\/uploads\/2022\/03\/vi080322mulher.jpg\"><img loading=\"lazy\" class=\"alignnone size-full wp-image-68635\" src=\"http:\/\/www.portalmantena.com.br\/novo\/wp-content\/uploads\/2022\/03\/vi080322mulher.jpg\" alt=\"\" width=\"700\" height=\"450\" srcset=\"http:\/\/www.portalmantena.com.br\/novo\/wp-content\/uploads\/2022\/03\/vi080322mulher.jpg 700w, http:\/\/www.portalmantena.com.br\/novo\/wp-content\/uploads\/2022\/03\/vi080322mulher-300x193.jpg 300w, http:\/\/www.portalmantena.com.br\/novo\/wp-content\/uploads\/2022\/03\/vi080322mulher-696x447.jpg 696w, http:\/\/www.portalmantena.com.br\/novo\/wp-content\/uploads\/2022\/03\/vi080322mulher-653x420.jpg 653w\" sizes=\"(max-width: 700px) 100vw, 700px\" \/><\/a><\/p>\n<p><span style=\"font-size: 14pt;\">No dia Internacional da Mulher, a nossa homenagem \u00e0 todas as mulheres. <\/span><\/p>\n<p><span style=\"font-size: 14pt;\">Na foto as Mulheres Cursilhistas da Matriz de Santo Ant\u00f4nio em Mantena, sendo homenageadas na reuni\u00e3o desta segunda-feira (7), com o tema &#8220;Mulheres de F\u00c9&#8221;, com fundamento nas mulheres da B\u00edblia.\u00a0<\/span><\/p>\n<p><a href=\"http:\/\/www.portalmantena.com.br\/novo\/\"><img loading=\"lazy\" class=\"alignnone size-full wp-image-37296\" src=\"http:\/\/www.portalmantena.com.br\/novo\/wp-content\/uploads\/2018\/05\/faixavitrine2.jpg\" alt=\"\" width=\"700\" height=\"40\" srcset=\"http:\/\/www.portalmantena.com.br\/novo\/wp-content\/uploads\/2018\/05\/faixavitrine2.jpg 700w, http:\/\/www.portalmantena.com.br\/novo\/wp-content\/uploads\/2018\/05\/faixavitrine2-300x17.jpg 300w, http:\/\/www.portalmantena.com.br\/novo\/wp-content\/uploads\/2018\/05\/faixavitrine2-696x40.jpg 696w\" sizes=\"(max-width: 700px) 100vw, 700px\" \/><\/a><\/p>\n<p><span style=\"font-size: 10pt;\">ESPA\u00c7O EMPRESARIAL<\/span><a href=\"http:\/\/www.portalmantena.com.br\/novo\/?p=53568\"><img loading=\"lazy\" class=\"alignnone size-full wp-image-54066\" src=\"http:\/\/www.portalmantena.com.br\/novo\/wp-content\/uploads\/2018\/05\/valenteapp.jpg\" alt=\"\" width=\"700\" height=\"150\" srcset=\"http:\/\/www.portalmantena.com.br\/novo\/wp-content\/uploads\/2018\/05\/valenteapp.jpg 700w, http:\/\/www.portalmantena.com.br\/novo\/wp-content\/uploads\/2018\/05\/valenteapp-300x64.jpg 300w, http:\/\/www.portalmantena.com.br\/novo\/wp-content\/uploads\/2018\/05\/valenteapp-696x150.jpg 696w\" sizes=\"(max-width: 700px) 100vw, 700px\" \/><\/a><\/p>\n","protected":false},"excerpt":{"rendered":"<p>No dia Internacional da Mulher, a nossa homenagem \u00e0 todas as mulheres. Na foto as Mulheres Cursilhistas da Matriz de Santo Ant\u00f4nio em Mantena, sendo homenageadas na reuni\u00e3o desta segunda-feira (7), com o tema &#8220;Mulheres de F\u00c9&#8221;, com fundamento nas mulheres da B\u00edblia.\u00a0 ESPA\u00c7O EMPRESARIAL<\/p>\n","protected":false},"author":1,"featured_media":68635,"comment_status":"open","ping_status":"open","sticky":false,"template":"","format":"standard","meta":[],"categories":[7],"tags":[],"_links":{"self":[{"href":"http:\/\/www.portalmantena.com.br\/novo\/index.php?rest_route=\/wp\/v2\/posts\/68634"}],"collection":[{"href":"http:\/\/www.portalmantena.com.br\/novo\/index.php?rest_route=\/wp\/v2\/posts"}],"about":[{"href":"http:\/\/www.portalmantena.com.br\/novo\/index.php?rest_route=\/wp\/v2\/types\/post"}],"author":[{"embeddable":true,"href":"http:\/\/www.portalmantena.com.br\/novo\/index.php?rest_route=\/wp\/v2\/users\/1"}],"replies":[{"embeddable":true,"href":"http:\/\/www.portalmantena.com.br\/novo\/index.php?rest_route=%2Fwp%2Fv2%2Fcomments&post=68634"}],"version-history":[{"count":2,"href":"http:\/\/www.portalmantena.com.br\/novo\/index.php?rest_route=\/wp\/v2\/posts\/68634\/revisions"}],"predecessor-version":[{"id":68638,"href":"http:\/\/www.portalmantena.com.br\/novo\/index.php?rest_route=\/wp\/v2\/posts\/68634\/revisions\/68638"}],"wp:featuredmedia":[{"embeddable":true,"href":"http:\/\/www.portalmantena.com.br\/novo\/index.php?rest_route=\/wp\/v2\/media\/68635"}],"wp:attachment":[{"href":"http:\/\/www.portalmantena.com.br\/novo\/index.php?rest_route=%2Fwp%2Fv2%2Fmedia&parent=68634"}],"wp:term":[{"taxonomy":"category","embeddable":true,"href":"http:\/\/www.portalmantena.com.br\/novo\/index.php?rest_route=%2Fwp%2Fv2%2Fcategories&post=68634"},{"taxonomy":"post_tag","embeddable":true,"href":"http:\/\/www.portalmantena.com.br\/novo\/index.php?rest_route=%2Fwp%2Fv2%2Ftags&post=68634"}],"curies":[{"name":"wp","href":"https:\/\/api.w.org\/{rel}","templated":true}]}}