{"id":68476,"date":"2022-01-03T10:25:45","date_gmt":"2022-01-03T12:25:45","guid":{"rendered":"http:\/\/www.portalmantena.com.br\/novo\/?p=68476"},"modified":"2022-01-03T10:28:35","modified_gmt":"2022-01-03T12:28:35","slug":"mantena-pm-prende-homem-furtando-carro-no-centro","status":"publish","type":"post","link":"http:\/\/www.portalmantena.com.br\/novo\/?p=68476","title":{"rendered":"Mantena: PM prende homem furtando carro no centro"},"content":{"rendered":"<p><a href=\"http:\/\/www.portalmantena.com.br\/novo\/wp-content\/uploads\/2022\/01\/no030122carro.jpg\"><img loading=\"lazy\" class=\"alignnone size-full wp-image-68477\" src=\"http:\/\/www.portalmantena.com.br\/novo\/wp-content\/uploads\/2022\/01\/no030122carro.jpg\" alt=\"\" width=\"700\" height=\"450\" srcset=\"http:\/\/www.portalmantena.com.br\/novo\/wp-content\/uploads\/2022\/01\/no030122carro.jpg 700w, http:\/\/www.portalmantena.com.br\/novo\/wp-content\/uploads\/2022\/01\/no030122carro-300x193.jpg 300w, http:\/\/www.portalmantena.com.br\/novo\/wp-content\/uploads\/2022\/01\/no030122carro-696x447.jpg 696w, http:\/\/www.portalmantena.com.br\/novo\/wp-content\/uploads\/2022\/01\/no030122carro-653x420.jpg 653w\" sizes=\"(max-width: 700px) 100vw, 700px\" \/><\/a><\/p>\n<p><span style=\"font-size: 14pt;\">Na manh\u00e3 deste domingo dia 02 de Janeiro no Centro de Mantena, a equipe policial militar foi empenhada pela Sala de Opera\u00e7\u00e3o da Unidade, afim de averiguar um furto tentado de uma motocicleta que estaria estacionada em frente a resid\u00eancia do propriet\u00e1rio do ve\u00edculo. <\/span><\/p>\n<p><span style=\"font-size: 14pt;\">No local, os militares iniciaram dilig\u00eancias a fim de localizar o poss\u00edvel autor, momento que os militares visualizaram um ve\u00edculo Gol parado na via p\u00fablica. <\/span><\/p>\n<p><span style=\"font-size: 18pt;\"><strong>Ao aproximar do ve\u00edculo, o autor saiu rapidamente do ve\u00edculo e empreendeu fuga a p\u00e9, sendo alcan\u00e7ado e detido.<\/strong><\/span><\/p>\n<p><span style=\"font-size: 14pt;\"> O autor havia conseguido abrir a porta do ve\u00edculo e realizado liga\u00e7\u00e3o direta, mas sendo abordado a poucos metros, pr\u00f3ximo onde havia tentado furtar uma motocicleta. <\/span><\/p>\n<p><span style=\"font-size: 14pt;\">O propriet\u00e1rio da motocicleta reconheceu o autor e, diante da situa\u00e7\u00e3o foi dado voz de pris\u00e3o por furto de ve\u00edculo e tamb\u00e9m por amea\u00e7a e conduzido at\u00e9 a Delegacia de Pol\u00edcia Civil em Governador Valadares.<\/span><\/p>\n<p><span style=\"font-size: 14pt;\"> O ve\u00edculo recuperado de furto foi entregue ao propriet\u00e1rio. (fonte\/foto:PMMG).<\/span><\/p>\n<p><a href=\"http:\/\/www.portalmantena.com.br\/novo\/\"><img loading=\"lazy\" class=\"alignnone size-full wp-image-37331\" src=\"http:\/\/www.portalmantena.com.br\/novo\/wp-content\/uploads\/2018\/05\/faixaportalnoticias5.jpg\" alt=\"\" width=\"700\" height=\"40\" srcset=\"http:\/\/www.portalmantena.com.br\/novo\/wp-content\/uploads\/2018\/05\/faixaportalnoticias5.jpg 700w, http:\/\/www.portalmantena.com.br\/novo\/wp-content\/uploads\/2018\/05\/faixaportalnoticias5-300x17.jpg 300w, http:\/\/www.portalmantena.com.br\/novo\/wp-content\/uploads\/2018\/05\/faixaportalnoticias5-696x40.jpg 696w\" sizes=\"(max-width: 700px) 100vw, 700px\" \/><\/a><\/p>\n<p><span style=\"font-size: 10pt;\">ESPA\u00c7O EMPRESARIA<\/span><a href=\"https:\/\/www.facebook.com\/realcecosmeticosmantena\"><img loading=\"lazy\" class=\"alignnone size-full wp-image-64138\" src=\"http:\/\/www.portalmantena.com.br\/novo\/wp-content\/uploads\/2018\/05\/realcebanner.jpg\" alt=\"\" width=\"700\" height=\"150\" srcset=\"http:\/\/www.portalmantena.com.br\/novo\/wp-content\/uploads\/2018\/05\/realcebanner.jpg 700w, http:\/\/www.portalmantena.com.br\/novo\/wp-content\/uploads\/2018\/05\/realcebanner-300x64.jpg 300w, http:\/\/www.portalmantena.com.br\/novo\/wp-content\/uploads\/2018\/05\/realcebanner-696x150.jpg 696w\" sizes=\"(max-width: 700px) 100vw, 700px\" \/><\/a><\/p>\n","protected":false},"excerpt":{"rendered":"<p>Na manh\u00e3 deste domingo dia 02 de Janeiro no Centro de Mantena, a equipe policial militar foi empenhada pela Sala de Opera\u00e7\u00e3o da Unidade, afim de averiguar um furto tentado de uma motocicleta que estaria estacionada em frente a resid\u00eancia do propriet\u00e1rio do ve\u00edculo. No local, os militares iniciaram dilig\u00eancias a fim de localizar o [&hellip;]<\/p>\n","protected":false},"author":1,"featured_media":68477,"comment_status":"open","ping_status":"open","sticky":false,"template":"","format":"standard","meta":[],"categories":[12,34],"tags":[],"_links":{"self":[{"href":"http:\/\/www.portalmantena.com.br\/novo\/index.php?rest_route=\/wp\/v2\/posts\/68476"}],"collection":[{"href":"http:\/\/www.portalmantena.com.br\/novo\/index.php?rest_route=\/wp\/v2\/posts"}],"about":[{"href":"http:\/\/www.portalmantena.com.br\/novo\/index.php?rest_route=\/wp\/v2\/types\/post"}],"author":[{"embeddable":true,"href":"http:\/\/www.portalmantena.com.br\/novo\/index.php?rest_route=\/wp\/v2\/users\/1"}],"replies":[{"embeddable":true,"href":"http:\/\/www.portalmantena.com.br\/novo\/index.php?rest_route=%2Fwp%2Fv2%2Fcomments&post=68476"}],"version-history":[{"count":1,"href":"http:\/\/www.portalmantena.com.br\/novo\/index.php?rest_route=\/wp\/v2\/posts\/68476\/revisions"}],"predecessor-version":[{"id":68479,"href":"http:\/\/www.portalmantena.com.br\/novo\/index.php?rest_route=\/wp\/v2\/posts\/68476\/revisions\/68479"}],"wp:featuredmedia":[{"embeddable":true,"href":"http:\/\/www.portalmantena.com.br\/novo\/index.php?rest_route=\/wp\/v2\/media\/68477"}],"wp:attachment":[{"href":"http:\/\/www.portalmantena.com.br\/novo\/index.php?rest_route=%2Fwp%2Fv2%2Fmedia&parent=68476"}],"wp:term":[{"taxonomy":"category","embeddable":true,"href":"http:\/\/www.portalmantena.com.br\/novo\/index.php?rest_route=%2Fwp%2Fv2%2Fcategories&post=68476"},{"taxonomy":"post_tag","embeddable":true,"href":"http:\/\/www.portalmantena.com.br\/novo\/index.php?rest_route=%2Fwp%2Fv2%2Ftags&post=68476"}],"curies":[{"name":"wp","href":"https:\/\/api.w.org\/{rel}","templated":true}]}}