{"id":68466,"date":"2021-12-28T15:05:45","date_gmt":"2021-12-28T17:05:45","guid":{"rendered":"http:\/\/www.portalmantena.com.br\/novo\/?p=68466"},"modified":"2021-12-28T15:23:16","modified_gmt":"2021-12-28T17:23:16","slug":"faleceu-a-ilustre-mantenense-fatima-mol","status":"publish","type":"post","link":"http:\/\/www.portalmantena.com.br\/novo\/?p=68466","title":{"rendered":"Faleceu a ilustre mantenense F\u00e1tima Mol"},"content":{"rendered":"<p><a href=\"http:\/\/www.portalmantena.com.br\/novo\/wp-content\/uploads\/2021\/12\/no281221luto.jpg\"><img loading=\"lazy\" class=\"alignnone size-full wp-image-68467\" src=\"http:\/\/www.portalmantena.com.br\/novo\/wp-content\/uploads\/2021\/12\/no281221luto.jpg\" alt=\"\" width=\"700\" height=\"450\" srcset=\"http:\/\/www.portalmantena.com.br\/novo\/wp-content\/uploads\/2021\/12\/no281221luto.jpg 700w, http:\/\/www.portalmantena.com.br\/novo\/wp-content\/uploads\/2021\/12\/no281221luto-300x193.jpg 300w, http:\/\/www.portalmantena.com.br\/novo\/wp-content\/uploads\/2021\/12\/no281221luto-696x447.jpg 696w, http:\/\/www.portalmantena.com.br\/novo\/wp-content\/uploads\/2021\/12\/no281221luto-653x420.jpg 653w\" sizes=\"(max-width: 700px) 100vw, 700px\" \/><\/a><\/p>\n<p><span style=\"font-size: 14pt;\">Faleceu na madrugada desta ter\u00e7a-feira dia 28 de dezembro na capital capixaba Vit\u00f3ria, aos 63 anos, a ilustre mantenense Maria de F\u00e1tima Valente Mol (Fatinha Mol), esposa do ex prefeito de Mantena Fernando Mol. F\u00e1tima sofreu uma parada card\u00edaca, foi socorrida por\u00e9m n\u00e3o resistiu e faleceu. <\/span><\/p>\n<p><span style=\"font-size: 14pt;\">As fam\u00edlias Valente e Mol emitiram uma nota de pesar <strong>\u201c\u00c9 com o mais profundo pesar que comunicamos \u00e0 todos o falecimento de Maria de F\u00e1tima Valente Mol. <\/strong><\/span><strong><span style=\"font-size: 14pt;\">Na mem\u00f3ria dos que ficaram ela viver\u00e1 para sempre\u201d. <\/span><\/strong><\/p>\n<p><span style=\"font-size: 14pt;\">At\u00e9 o fechamento desta mat\u00e9ria, o vel\u00f3rio e o sepultamento ainda n\u00e3o haviam sidos definidos pela fam\u00edlia. <\/span><\/p>\n<p><span style=\"font-size: 14pt;\">Fatinha Mol, como era carinhosamente conhecida fez sempre muitos amigos por onde passou, sempre prestativa e com a vontade de ajudar, com certeza deixar\u00e1 saudades. <\/span><\/p>\n<p><span style=\"font-size: 14pt;\">Amigos que foram pegos de surpresa por esta triste not\u00edcia, narraram que ela estava feliz, alegre e compartilharam estes \u00faltimos momentos com ela agora no Natal de 2021. <\/span><\/p>\n<p><span style=\"font-size: 14pt;\">A reda\u00e7\u00e3o do portalmantena tamb\u00e9m sente com muito pesar esta dor da separa\u00e7\u00e3o, uma cidad\u00e3 mantenense que se vai t\u00e3o prematuramente, ainda com muita vida pela frente. <\/span><\/p>\n<p><span style=\"font-size: 14pt;\">Pedimos ao nosso Deus que conforte os cora\u00e7\u00f5es dos familiares e amigos neste momento t\u00e3o dif\u00edcil.<\/span><\/p>\n<p>&nbsp;<\/p>\n<p><span style=\"font-size: 14pt;\"><strong>ACESSE\u00a0<a href=\"http:\/\/www.portalmantena.com.br\/novo\/?p=65270\">AQUI<\/a> O OBITU\u00c1RIO 2021<\/strong><\/span><\/p>\n<p>&nbsp;<\/p>\n<p><a href=\"http:\/\/www.portalmantena.com.br\/novo\/\"><img loading=\"lazy\" class=\"alignnone size-full wp-image-37331\" src=\"http:\/\/www.portalmantena.com.br\/novo\/wp-content\/uploads\/2018\/05\/faixaportalnoticias5.jpg\" alt=\"\" width=\"700\" height=\"40\" srcset=\"http:\/\/www.portalmantena.com.br\/novo\/wp-content\/uploads\/2018\/05\/faixaportalnoticias5.jpg 700w, http:\/\/www.portalmantena.com.br\/novo\/wp-content\/uploads\/2018\/05\/faixaportalnoticias5-300x17.jpg 300w, http:\/\/www.portalmantena.com.br\/novo\/wp-content\/uploads\/2018\/05\/faixaportalnoticias5-696x40.jpg 696w\" sizes=\"(max-width: 700px) 100vw, 700px\" \/><\/a><\/p>\n<p>&nbsp;<\/p>\n","protected":false},"excerpt":{"rendered":"<p>Faleceu na madrugada desta ter\u00e7a-feira dia 28 de dezembro na capital capixaba Vit\u00f3ria, aos 63 anos, a ilustre mantenense Maria de F\u00e1tima Valente Mol (Fatinha Mol), esposa do ex prefeito de Mantena Fernando Mol. F\u00e1tima sofreu uma parada card\u00edaca, foi socorrida por\u00e9m n\u00e3o resistiu e faleceu. As fam\u00edlias Valente e Mol emitiram uma nota de [&hellip;]<\/p>\n","protected":false},"author":1,"featured_media":68467,"comment_status":"open","ping_status":"open","sticky":false,"template":"","format":"standard","meta":[],"categories":[11],"tags":[],"_links":{"self":[{"href":"http:\/\/www.portalmantena.com.br\/novo\/index.php?rest_route=\/wp\/v2\/posts\/68466"}],"collection":[{"href":"http:\/\/www.portalmantena.com.br\/novo\/index.php?rest_route=\/wp\/v2\/posts"}],"about":[{"href":"http:\/\/www.portalmantena.com.br\/novo\/index.php?rest_route=\/wp\/v2\/types\/post"}],"author":[{"embeddable":true,"href":"http:\/\/www.portalmantena.com.br\/novo\/index.php?rest_route=\/wp\/v2\/users\/1"}],"replies":[{"embeddable":true,"href":"http:\/\/www.portalmantena.com.br\/novo\/index.php?rest_route=%2Fwp%2Fv2%2Fcomments&post=68466"}],"version-history":[{"count":3,"href":"http:\/\/www.portalmantena.com.br\/novo\/index.php?rest_route=\/wp\/v2\/posts\/68466\/revisions"}],"predecessor-version":[{"id":68470,"href":"http:\/\/www.portalmantena.com.br\/novo\/index.php?rest_route=\/wp\/v2\/posts\/68466\/revisions\/68470"}],"wp:featuredmedia":[{"embeddable":true,"href":"http:\/\/www.portalmantena.com.br\/novo\/index.php?rest_route=\/wp\/v2\/media\/68467"}],"wp:attachment":[{"href":"http:\/\/www.portalmantena.com.br\/novo\/index.php?rest_route=%2Fwp%2Fv2%2Fmedia&parent=68466"}],"wp:term":[{"taxonomy":"category","embeddable":true,"href":"http:\/\/www.portalmantena.com.br\/novo\/index.php?rest_route=%2Fwp%2Fv2%2Fcategories&post=68466"},{"taxonomy":"post_tag","embeddable":true,"href":"http:\/\/www.portalmantena.com.br\/novo\/index.php?rest_route=%2Fwp%2Fv2%2Ftags&post=68466"}],"curies":[{"name":"wp","href":"https:\/\/api.w.org\/{rel}","templated":true}]}}