{"id":68431,"date":"2021-12-21T10:43:31","date_gmt":"2021-12-21T12:43:31","guid":{"rendered":"http:\/\/www.portalmantena.com.br\/novo\/?p=68431"},"modified":"2021-12-21T10:44:15","modified_gmt":"2021-12-21T12:44:15","slug":"mantenense-ausente-e-pm-em-sao-paulo-parabens-breno","status":"publish","type":"post","link":"http:\/\/www.portalmantena.com.br\/novo\/?p=68431","title":{"rendered":"Mantenense Ausente \u00e9 PM em S\u00e3o Paulo, Parab\u00e9ns Breno"},"content":{"rendered":"<p><a href=\"http:\/\/www.portalmantena.com.br\/novo\/wp-content\/uploads\/2021\/12\/vi211221brreno.jpg\"><img loading=\"lazy\" class=\"alignnone size-full wp-image-68432\" src=\"http:\/\/www.portalmantena.com.br\/novo\/wp-content\/uploads\/2021\/12\/vi211221brreno.jpg\" alt=\"\" width=\"700\" height=\"450\" srcset=\"http:\/\/www.portalmantena.com.br\/novo\/wp-content\/uploads\/2021\/12\/vi211221brreno.jpg 700w, http:\/\/www.portalmantena.com.br\/novo\/wp-content\/uploads\/2021\/12\/vi211221brreno-300x193.jpg 300w, http:\/\/www.portalmantena.com.br\/novo\/wp-content\/uploads\/2021\/12\/vi211221brreno-696x447.jpg 696w, http:\/\/www.portalmantena.com.br\/novo\/wp-content\/uploads\/2021\/12\/vi211221brreno-653x420.jpg 653w\" sizes=\"(max-width: 700px) 100vw, 700px\" \/><\/a><\/p>\n<p><span style=\"font-size: 14pt;\">Este \u00e9 o mantenense ausente Breno Ara\u00fajo Dias, que nesta quarta-feira dia 22 de Dezembro completa mais um ano de vida. <\/span><\/p>\n<p><span style=\"font-size: 14pt;\">Ele que tem sido um orgulho para seus familiares e amigos pois passou no concurso da Pol\u00edcia Militar do estado de S\u00e3o Paulo, onde com certeza estar\u00e1 realizando um excelente trabalho, servindo a comunidade.<\/span><\/p>\n<p><span style=\"font-size: 14pt;\"> Parab\u00e9ns Breno, \u00e9 o que deseja toda sua fam\u00edlia, amigos e conterr\u00e2neos.<\/span><\/p>\n<p><a href=\"http:\/\/www.portalmantena.com.br\/novo\/\"><img loading=\"lazy\" class=\"alignnone size-full wp-image-37296\" src=\"http:\/\/www.portalmantena.com.br\/novo\/wp-content\/uploads\/2018\/05\/faixavitrine2.jpg\" alt=\"\" width=\"700\" height=\"40\" srcset=\"http:\/\/www.portalmantena.com.br\/novo\/wp-content\/uploads\/2018\/05\/faixavitrine2.jpg 700w, http:\/\/www.portalmantena.com.br\/novo\/wp-content\/uploads\/2018\/05\/faixavitrine2-300x17.jpg 300w, http:\/\/www.portalmantena.com.br\/novo\/wp-content\/uploads\/2018\/05\/faixavitrine2-696x40.jpg 696w\" sizes=\"(max-width: 700px) 100vw, 700px\" \/><\/a><\/p>\n<p><span style=\"font-size: 10pt;\">ESPA\u00c7O EMPRESARIAL<\/span><a href=\"http:\/\/www.portalmantena.com.br\/novo\/?p=53568\"><img loading=\"lazy\" class=\"alignnone size-full wp-image-54066\" src=\"http:\/\/www.portalmantena.com.br\/novo\/wp-content\/uploads\/2018\/05\/valenteapp.jpg\" alt=\"\" width=\"700\" height=\"150\" srcset=\"http:\/\/www.portalmantena.com.br\/novo\/wp-content\/uploads\/2018\/05\/valenteapp.jpg 700w, http:\/\/www.portalmantena.com.br\/novo\/wp-content\/uploads\/2018\/05\/valenteapp-300x64.jpg 300w, http:\/\/www.portalmantena.com.br\/novo\/wp-content\/uploads\/2018\/05\/valenteapp-696x150.jpg 696w\" sizes=\"(max-width: 700px) 100vw, 700px\" \/><\/a><\/p>\n","protected":false},"excerpt":{"rendered":"<p>Este \u00e9 o mantenense ausente Breno Ara\u00fajo Dias, que nesta quarta-feira dia 22 de Dezembro completa mais um ano de vida. Ele que tem sido um orgulho para seus familiares e amigos pois passou no concurso da Pol\u00edcia Militar do estado de S\u00e3o Paulo, onde com certeza estar\u00e1 realizando um excelente trabalho, servindo a comunidade. [&hellip;]<\/p>\n","protected":false},"author":1,"featured_media":68432,"comment_status":"open","ping_status":"open","sticky":false,"template":"","format":"standard","meta":[],"categories":[7],"tags":[],"_links":{"self":[{"href":"http:\/\/www.portalmantena.com.br\/novo\/index.php?rest_route=\/wp\/v2\/posts\/68431"}],"collection":[{"href":"http:\/\/www.portalmantena.com.br\/novo\/index.php?rest_route=\/wp\/v2\/posts"}],"about":[{"href":"http:\/\/www.portalmantena.com.br\/novo\/index.php?rest_route=\/wp\/v2\/types\/post"}],"author":[{"embeddable":true,"href":"http:\/\/www.portalmantena.com.br\/novo\/index.php?rest_route=\/wp\/v2\/users\/1"}],"replies":[{"embeddable":true,"href":"http:\/\/www.portalmantena.com.br\/novo\/index.php?rest_route=%2Fwp%2Fv2%2Fcomments&post=68431"}],"version-history":[{"count":1,"href":"http:\/\/www.portalmantena.com.br\/novo\/index.php?rest_route=\/wp\/v2\/posts\/68431\/revisions"}],"predecessor-version":[{"id":68433,"href":"http:\/\/www.portalmantena.com.br\/novo\/index.php?rest_route=\/wp\/v2\/posts\/68431\/revisions\/68433"}],"wp:featuredmedia":[{"embeddable":true,"href":"http:\/\/www.portalmantena.com.br\/novo\/index.php?rest_route=\/wp\/v2\/media\/68432"}],"wp:attachment":[{"href":"http:\/\/www.portalmantena.com.br\/novo\/index.php?rest_route=%2Fwp%2Fv2%2Fmedia&parent=68431"}],"wp:term":[{"taxonomy":"category","embeddable":true,"href":"http:\/\/www.portalmantena.com.br\/novo\/index.php?rest_route=%2Fwp%2Fv2%2Fcategories&post=68431"},{"taxonomy":"post_tag","embeddable":true,"href":"http:\/\/www.portalmantena.com.br\/novo\/index.php?rest_route=%2Fwp%2Fv2%2Ftags&post=68431"}],"curies":[{"name":"wp","href":"https:\/\/api.w.org\/{rel}","templated":true}]}}