{"id":68421,"date":"2021-12-15T11:32:24","date_gmt":"2021-12-15T13:32:24","guid":{"rendered":"http:\/\/www.portalmantena.com.br\/novo\/?p=68421"},"modified":"2021-12-15T11:32:24","modified_gmt":"2021-12-15T13:32:24","slug":"central-de-minas-4-pessoas-presas-por-trafico-de-drogas","status":"publish","type":"post","link":"http:\/\/www.portalmantena.com.br\/novo\/?p=68421","title":{"rendered":"Central de Minas: 4 pessoas presas por Tr\u00e1fico de drogas"},"content":{"rendered":"<p><a href=\"http:\/\/www.portalmantena.com.br\/novo\/wp-content\/uploads\/2021\/12\/no151221droga1.jpg\"><img loading=\"lazy\" class=\"alignnone size-full wp-image-68422\" src=\"http:\/\/www.portalmantena.com.br\/novo\/wp-content\/uploads\/2021\/12\/no151221droga1.jpg\" alt=\"\" width=\"700\" height=\"450\" srcset=\"http:\/\/www.portalmantena.com.br\/novo\/wp-content\/uploads\/2021\/12\/no151221droga1.jpg 700w, http:\/\/www.portalmantena.com.br\/novo\/wp-content\/uploads\/2021\/12\/no151221droga1-300x193.jpg 300w, http:\/\/www.portalmantena.com.br\/novo\/wp-content\/uploads\/2021\/12\/no151221droga1-696x447.jpg 696w, http:\/\/www.portalmantena.com.br\/novo\/wp-content\/uploads\/2021\/12\/no151221droga1-653x420.jpg 653w\" sizes=\"(max-width: 700px) 100vw, 700px\" \/><\/a><\/p>\n<p><span style=\"font-size: 14pt;\">Na tarde do da \u00faltima sexta-feira dia 10 de dezembro na cidade de Central de Minas, durante Opera\u00e7\u00e3o Policial com o intuito de inibir o crime de tr\u00e1fico de drogas, foram cumpridos dois mandados de busca e apreens\u00e3o. <\/span><\/p>\n<p><span style=\"font-size: 14pt;\">Estiveram presentes militares de Mantena, Central de Minas, al\u00e9m da ROCCA de Governador Valadares que deram apoio com a cadela Perla. Na primeira resid\u00eancia os autores foram encontrados cortando pedras de crack na cozinha. <\/span><\/p>\n<p><span style=\"font-size: 14pt;\">Uma autora tentou evadir do local com diversas por\u00e7\u00f5es de drogas em seu corpo, sendo ela abordada e o material recolhido. <\/span><\/p>\n<p><span style=\"font-size: 14pt;\">Em ato cont\u00ednuo, a Equipe ROCCA fez busca em todo o ambiente, onde foram indicadas mais por\u00e7\u00f5es de droga pela cadela Perla. Na segunda resid\u00eancia, os militares encontraram R$ 1.642,00, em dinheiro, em um compartimento secreto localizado no painel da sala, al\u00e9m de diversas por\u00e7\u00f5es de entorpecentes em cima do rack e no quarto do casal. <\/span><\/p>\n<p><span style=\"font-size: 18pt;\"><strong>Os quatro autores presos e os materiais apreendidos foram encaminhados para Delegacia de Governador Valadares. <\/strong><\/span><\/p>\n<p><span style=\"font-size: 14pt;\">Foram apreendidos s\u00e3o: 88 Pedras de crack; 02 por\u00e7\u00f5es maiores de crack; 10 papelotes de coca\u00edna; 01 por\u00e7\u00e3o de coca\u00edna; 02 cigarros de maconha; 04 tabletes de maconha prensados; R$ 3.338,00; 04 celulares e 05 cart\u00f5es de cr\u00e9dito. (fonte\/foto:PMMG).<\/span><\/p>\n<p><a href=\"http:\/\/www.portalmantena.com.br\/novo\/wp-content\/uploads\/2021\/12\/no151221droga2.jpg\"><img loading=\"lazy\" class=\"alignnone size-full wp-image-68423\" src=\"http:\/\/www.portalmantena.com.br\/novo\/wp-content\/uploads\/2021\/12\/no151221droga2.jpg\" alt=\"\" width=\"700\" height=\"450\" srcset=\"http:\/\/www.portalmantena.com.br\/novo\/wp-content\/uploads\/2021\/12\/no151221droga2.jpg 700w, http:\/\/www.portalmantena.com.br\/novo\/wp-content\/uploads\/2021\/12\/no151221droga2-300x193.jpg 300w, http:\/\/www.portalmantena.com.br\/novo\/wp-content\/uploads\/2021\/12\/no151221droga2-696x447.jpg 696w, http:\/\/www.portalmantena.com.br\/novo\/wp-content\/uploads\/2021\/12\/no151221droga2-653x420.jpg 653w\" sizes=\"(max-width: 700px) 100vw, 700px\" \/><\/a> <a href=\"http:\/\/www.portalmantena.com.br\/novo\/wp-content\/uploads\/2021\/12\/no151221droga3.jpg\"><img loading=\"lazy\" class=\"alignnone size-full wp-image-68424\" src=\"http:\/\/www.portalmantena.com.br\/novo\/wp-content\/uploads\/2021\/12\/no151221droga3.jpg\" alt=\"\" width=\"700\" height=\"450\" srcset=\"http:\/\/www.portalmantena.com.br\/novo\/wp-content\/uploads\/2021\/12\/no151221droga3.jpg 700w, http:\/\/www.portalmantena.com.br\/novo\/wp-content\/uploads\/2021\/12\/no151221droga3-300x193.jpg 300w, http:\/\/www.portalmantena.com.br\/novo\/wp-content\/uploads\/2021\/12\/no151221droga3-696x447.jpg 696w, http:\/\/www.portalmantena.com.br\/novo\/wp-content\/uploads\/2021\/12\/no151221droga3-653x420.jpg 653w\" sizes=\"(max-width: 700px) 100vw, 700px\" \/><\/a><\/p>\n<p><a href=\"http:\/\/www.portalmantena.com.br\/novo\/\"><img loading=\"lazy\" class=\"alignnone size-full wp-image-37331\" src=\"http:\/\/www.portalmantena.com.br\/novo\/wp-content\/uploads\/2018\/05\/faixaportalnoticias5.jpg\" alt=\"\" width=\"700\" height=\"40\" srcset=\"http:\/\/www.portalmantena.com.br\/novo\/wp-content\/uploads\/2018\/05\/faixaportalnoticias5.jpg 700w, http:\/\/www.portalmantena.com.br\/novo\/wp-content\/uploads\/2018\/05\/faixaportalnoticias5-300x17.jpg 300w, http:\/\/www.portalmantena.com.br\/novo\/wp-content\/uploads\/2018\/05\/faixaportalnoticias5-696x40.jpg 696w\" sizes=\"(max-width: 700px) 100vw, 700px\" \/><\/a><\/p>\n<p><span style=\"font-size: 10pt;\">ESPA\u00c7O EMPRESARIA<\/span><a href=\"https:\/\/www.facebook.com\/realcecosmeticosmantena\"><img loading=\"lazy\" class=\"alignnone size-full wp-image-64138\" src=\"http:\/\/www.portalmantena.com.br\/novo\/wp-content\/uploads\/2018\/05\/realcebanner.jpg\" alt=\"\" width=\"700\" height=\"150\" srcset=\"http:\/\/www.portalmantena.com.br\/novo\/wp-content\/uploads\/2018\/05\/realcebanner.jpg 700w, http:\/\/www.portalmantena.com.br\/novo\/wp-content\/uploads\/2018\/05\/realcebanner-300x64.jpg 300w, http:\/\/www.portalmantena.com.br\/novo\/wp-content\/uploads\/2018\/05\/realcebanner-696x150.jpg 696w\" sizes=\"(max-width: 700px) 100vw, 700px\" \/><\/a><\/p>\n","protected":false},"excerpt":{"rendered":"<p>Na tarde do da \u00faltima sexta-feira dia 10 de dezembro na cidade de Central de Minas, durante Opera\u00e7\u00e3o Policial com o intuito de inibir o crime de tr\u00e1fico de drogas, foram cumpridos dois mandados de busca e apreens\u00e3o. Estiveram presentes militares de Mantena, Central de Minas, al\u00e9m da ROCCA de Governador Valadares que deram apoio [&hellip;]<\/p>\n","protected":false},"author":1,"featured_media":68423,"comment_status":"open","ping_status":"open","sticky":false,"template":"","format":"standard","meta":[],"categories":[11,34],"tags":[],"_links":{"self":[{"href":"http:\/\/www.portalmantena.com.br\/novo\/index.php?rest_route=\/wp\/v2\/posts\/68421"}],"collection":[{"href":"http:\/\/www.portalmantena.com.br\/novo\/index.php?rest_route=\/wp\/v2\/posts"}],"about":[{"href":"http:\/\/www.portalmantena.com.br\/novo\/index.php?rest_route=\/wp\/v2\/types\/post"}],"author":[{"embeddable":true,"href":"http:\/\/www.portalmantena.com.br\/novo\/index.php?rest_route=\/wp\/v2\/users\/1"}],"replies":[{"embeddable":true,"href":"http:\/\/www.portalmantena.com.br\/novo\/index.php?rest_route=%2Fwp%2Fv2%2Fcomments&post=68421"}],"version-history":[{"count":1,"href":"http:\/\/www.portalmantena.com.br\/novo\/index.php?rest_route=\/wp\/v2\/posts\/68421\/revisions"}],"predecessor-version":[{"id":68425,"href":"http:\/\/www.portalmantena.com.br\/novo\/index.php?rest_route=\/wp\/v2\/posts\/68421\/revisions\/68425"}],"wp:featuredmedia":[{"embeddable":true,"href":"http:\/\/www.portalmantena.com.br\/novo\/index.php?rest_route=\/wp\/v2\/media\/68423"}],"wp:attachment":[{"href":"http:\/\/www.portalmantena.com.br\/novo\/index.php?rest_route=%2Fwp%2Fv2%2Fmedia&parent=68421"}],"wp:term":[{"taxonomy":"category","embeddable":true,"href":"http:\/\/www.portalmantena.com.br\/novo\/index.php?rest_route=%2Fwp%2Fv2%2Fcategories&post=68421"},{"taxonomy":"post_tag","embeddable":true,"href":"http:\/\/www.portalmantena.com.br\/novo\/index.php?rest_route=%2Fwp%2Fv2%2Ftags&post=68421"}],"curies":[{"name":"wp","href":"https:\/\/api.w.org\/{rel}","templated":true}]}}