{"id":68395,"date":"2021-12-09T14:52:31","date_gmt":"2021-12-09T16:52:31","guid":{"rendered":"http:\/\/www.portalmantena.com.br\/novo\/?p=68395"},"modified":"2021-12-09T14:52:31","modified_gmt":"2021-12-09T16:52:31","slug":"regiao-pm-apreende-arma-de-fogo-apos-denuncia","status":"publish","type":"post","link":"http:\/\/www.portalmantena.com.br\/novo\/?p=68395","title":{"rendered":"Regi\u00e3o: PM apreende arma de fogo ap\u00f3s den\u00fancia"},"content":{"rendered":"<p><a href=\"http:\/\/www.portalmantena.com.br\/novo\/wp-content\/uploads\/2021\/12\/no091221arma.jpg\"><img loading=\"lazy\" class=\"alignnone size-full wp-image-68396\" src=\"http:\/\/www.portalmantena.com.br\/novo\/wp-content\/uploads\/2021\/12\/no091221arma.jpg\" alt=\"\" width=\"700\" height=\"450\" srcset=\"http:\/\/www.portalmantena.com.br\/novo\/wp-content\/uploads\/2021\/12\/no091221arma.jpg 700w, http:\/\/www.portalmantena.com.br\/novo\/wp-content\/uploads\/2021\/12\/no091221arma-300x193.jpg 300w, http:\/\/www.portalmantena.com.br\/novo\/wp-content\/uploads\/2021\/12\/no091221arma-696x447.jpg 696w, http:\/\/www.portalmantena.com.br\/novo\/wp-content\/uploads\/2021\/12\/no091221arma-653x420.jpg 653w\" sizes=\"(max-width: 700px) 100vw, 700px\" \/><\/a><\/p>\n<p><span style=\"font-size: 14pt;\">Na tarde do \u00faltimo dia 1\u00ba de dezembro, na cidade de Itabirinha, em decorr\u00eancia do plano de a\u00e7\u00e3o n\u00b0 01\/18\u00b0 Cia PM Ind, voltado para redu\u00e7\u00e3o dos crimes de homic\u00eddio na \u00e1rea da Unidade, os militares receberam den\u00fancia an\u00f4nima. <\/span><\/p>\n<p><span style=\"font-size: 18pt;\"><strong>A den\u00fancia relatava que o autor que o autor possu\u00eda em sua resid\u00eancia uma arma de fogo. <\/strong><\/span><\/p>\n<p><span style=\"font-size: 14pt;\">No local os militares realizaram dilig\u00eancias, localizando uma espingarda de fabrica\u00e7\u00e3o artesanal. <\/span><\/p>\n<p><span style=\"font-size: 14pt;\">O autor e material apreendido foram encaminhados at\u00e9 a Delegacia de Plant\u00e3o da cidade de Mantena. (fonte\/foto:PMMG).<\/span><\/p>\n<p><a href=\"http:\/\/www.portalmantena.com.br\/novo\/\"><img loading=\"lazy\" class=\"alignnone size-full wp-image-37331\" src=\"http:\/\/www.portalmantena.com.br\/novo\/wp-content\/uploads\/2018\/05\/faixaportalnoticias5.jpg\" alt=\"\" width=\"700\" height=\"40\" srcset=\"http:\/\/www.portalmantena.com.br\/novo\/wp-content\/uploads\/2018\/05\/faixaportalnoticias5.jpg 700w, http:\/\/www.portalmantena.com.br\/novo\/wp-content\/uploads\/2018\/05\/faixaportalnoticias5-300x17.jpg 300w, http:\/\/www.portalmantena.com.br\/novo\/wp-content\/uploads\/2018\/05\/faixaportalnoticias5-696x40.jpg 696w\" sizes=\"(max-width: 700px) 100vw, 700px\" \/><\/a><\/p>\n<p><span style=\"font-size: 10pt;\">ESPA\u00c7O EMPRESARIAL<\/span><a href=\"http:\/\/www.temposolar.com.br\/\"><img loading=\"lazy\" class=\"alignnone size-full wp-image-44084\" src=\"http:\/\/www.portalmantena.com.br\/novo\/wp-content\/uploads\/2018\/05\/temposolarbb.jpg\" alt=\"\" width=\"700\" height=\"150\" srcset=\"http:\/\/www.portalmantena.com.br\/novo\/wp-content\/uploads\/2018\/05\/temposolarbb.jpg 700w, http:\/\/www.portalmantena.com.br\/novo\/wp-content\/uploads\/2018\/05\/temposolarbb-300x64.jpg 300w, http:\/\/www.portalmantena.com.br\/novo\/wp-content\/uploads\/2018\/05\/temposolarbb-696x150.jpg 696w\" sizes=\"(max-width: 700px) 100vw, 700px\" \/><\/a><\/p>\n","protected":false},"excerpt":{"rendered":"<p>Na tarde do \u00faltimo dia 1\u00ba de dezembro, na cidade de Itabirinha, em decorr\u00eancia do plano de a\u00e7\u00e3o n\u00b0 01\/18\u00b0 Cia PM Ind, voltado para redu\u00e7\u00e3o dos crimes de homic\u00eddio na \u00e1rea da Unidade, os militares receberam den\u00fancia an\u00f4nima. A den\u00fancia relatava que o autor que o autor possu\u00eda em sua resid\u00eancia uma arma de [&hellip;]<\/p>\n","protected":false},"author":1,"featured_media":68396,"comment_status":"open","ping_status":"open","sticky":false,"template":"","format":"standard","meta":[],"categories":[11,34],"tags":[],"_links":{"self":[{"href":"http:\/\/www.portalmantena.com.br\/novo\/index.php?rest_route=\/wp\/v2\/posts\/68395"}],"collection":[{"href":"http:\/\/www.portalmantena.com.br\/novo\/index.php?rest_route=\/wp\/v2\/posts"}],"about":[{"href":"http:\/\/www.portalmantena.com.br\/novo\/index.php?rest_route=\/wp\/v2\/types\/post"}],"author":[{"embeddable":true,"href":"http:\/\/www.portalmantena.com.br\/novo\/index.php?rest_route=\/wp\/v2\/users\/1"}],"replies":[{"embeddable":true,"href":"http:\/\/www.portalmantena.com.br\/novo\/index.php?rest_route=%2Fwp%2Fv2%2Fcomments&post=68395"}],"version-history":[{"count":1,"href":"http:\/\/www.portalmantena.com.br\/novo\/index.php?rest_route=\/wp\/v2\/posts\/68395\/revisions"}],"predecessor-version":[{"id":68397,"href":"http:\/\/www.portalmantena.com.br\/novo\/index.php?rest_route=\/wp\/v2\/posts\/68395\/revisions\/68397"}],"wp:featuredmedia":[{"embeddable":true,"href":"http:\/\/www.portalmantena.com.br\/novo\/index.php?rest_route=\/wp\/v2\/media\/68396"}],"wp:attachment":[{"href":"http:\/\/www.portalmantena.com.br\/novo\/index.php?rest_route=%2Fwp%2Fv2%2Fmedia&parent=68395"}],"wp:term":[{"taxonomy":"category","embeddable":true,"href":"http:\/\/www.portalmantena.com.br\/novo\/index.php?rest_route=%2Fwp%2Fv2%2Fcategories&post=68395"},{"taxonomy":"post_tag","embeddable":true,"href":"http:\/\/www.portalmantena.com.br\/novo\/index.php?rest_route=%2Fwp%2Fv2%2Ftags&post=68395"}],"curies":[{"name":"wp","href":"https:\/\/api.w.org\/{rel}","templated":true}]}}