{"id":68310,"date":"2021-11-26T10:49:20","date_gmt":"2021-11-26T12:49:20","guid":{"rendered":"http:\/\/www.portalmantena.com.br\/novo\/?p=68310"},"modified":"2021-11-26T10:53:46","modified_gmt":"2021-11-26T12:53:46","slug":"uma-viagem-musical-dia-18-em-mantena-grande-show","status":"publish","type":"post","link":"http:\/\/www.portalmantena.com.br\/novo\/?p=68310","title":{"rendered":"Uma viagem musical dia 18 em Mantena, grande show."},"content":{"rendered":"<p><a href=\"http:\/\/www.portalmantena.com.br\/novo\/wp-content\/uploads\/2021\/11\/no261121banda.jpg\"><img loading=\"lazy\" class=\"alignnone size-full wp-image-68311\" src=\"http:\/\/www.portalmantena.com.br\/novo\/wp-content\/uploads\/2021\/11\/no261121banda.jpg\" alt=\"\" width=\"700\" height=\"450\" srcset=\"http:\/\/www.portalmantena.com.br\/novo\/wp-content\/uploads\/2021\/11\/no261121banda.jpg 700w, http:\/\/www.portalmantena.com.br\/novo\/wp-content\/uploads\/2021\/11\/no261121banda-300x193.jpg 300w, http:\/\/www.portalmantena.com.br\/novo\/wp-content\/uploads\/2021\/11\/no261121banda-696x447.jpg 696w, http:\/\/www.portalmantena.com.br\/novo\/wp-content\/uploads\/2021\/11\/no261121banda-653x420.jpg 653w\" sizes=\"(max-width: 700px) 100vw, 700px\" \/><\/a><\/p>\n<p><span style=\"font-size: 14pt;\">Mantena e regi\u00e3o presenciar\u00e3o um grande show da Banda M\u00e1quina do Tempo no pr\u00f3ximo dia 18 de Dezembro.<\/span><\/p>\n<p><span style=\"font-size: 14pt;\"> Uma banda que tem uma bela hist\u00f3ria com mais de 30 anos de carreira, tocando as mais belas can\u00e7\u00f5es dos anos 70, 80 e 90, com um vasto repert\u00f3rio passando por A-ha, Dire Street, Alphaville, Europe entre outros. <\/span><\/p>\n<p><span style=\"font-size: 14pt;\">O show ser\u00e1 em Mantena \u00e0s 22 horas de s\u00e1bado dia 18 de Dezembro na Lanchonete do Posto Mineir\u00e3o, entre Mantena e Barra de S\u00e3o Francisco pr\u00f3ximo ao Parque de Exposi\u00e7\u00f5es. <\/span><\/p>\n<p><span style=\"font-size: 18pt;\"><strong>Ingressos j\u00e1 est\u00e3o sendo vendidos em Mantena na Mam\u00e3o Disco Lazer, Casa do M\u00fasico e na Lanchonete do Posto Mineir\u00e3o. <\/strong><\/span><\/p>\n<p><span style=\"font-size: 14pt;\">Em Barra de S\u00e3o Francisco os ingressos est\u00e3o sendo vendidos na Casa do M\u00fasico. <\/span><\/p>\n<p><span style=\"font-size: 14pt;\">Contatos: (33) 9 9940-4301 ou (27) 9 9696-1542.\u00a0<\/span><\/p>\n<p>&nbsp;<\/p>\n<p><iframe src=\"\/\/www.youtube.com\/embed\/NgyZV0s8ngg\" width=\"560\" height=\"314\" allowfullscreen=\"allowfullscreen\"><\/iframe><\/p>\n<p><a href=\"http:\/\/www.portalmantena.com.br\/novo\/\"><img loading=\"lazy\" class=\"alignnone size-full wp-image-37331\" src=\"http:\/\/www.portalmantena.com.br\/novo\/wp-content\/uploads\/2018\/05\/faixaportalnoticias5.jpg\" alt=\"\" width=\"700\" height=\"40\" srcset=\"http:\/\/www.portalmantena.com.br\/novo\/wp-content\/uploads\/2018\/05\/faixaportalnoticias5.jpg 700w, http:\/\/www.portalmantena.com.br\/novo\/wp-content\/uploads\/2018\/05\/faixaportalnoticias5-300x17.jpg 300w, http:\/\/www.portalmantena.com.br\/novo\/wp-content\/uploads\/2018\/05\/faixaportalnoticias5-696x40.jpg 696w\" sizes=\"(max-width: 700px) 100vw, 700px\" \/><\/a><\/p>\n<p><span style=\"font-size: 10pt;\">ESPA\u00c7O EMPRESARIA<\/span><a href=\"https:\/\/www.facebook.com\/realcecosmeticosmantena\"><img loading=\"lazy\" class=\"alignnone size-full wp-image-64138\" src=\"http:\/\/www.portalmantena.com.br\/novo\/wp-content\/uploads\/2018\/05\/realcebanner.jpg\" alt=\"\" width=\"700\" height=\"150\" srcset=\"http:\/\/www.portalmantena.com.br\/novo\/wp-content\/uploads\/2018\/05\/realcebanner.jpg 700w, http:\/\/www.portalmantena.com.br\/novo\/wp-content\/uploads\/2018\/05\/realcebanner-300x64.jpg 300w, http:\/\/www.portalmantena.com.br\/novo\/wp-content\/uploads\/2018\/05\/realcebanner-696x150.jpg 696w\" sizes=\"(max-width: 700px) 100vw, 700px\" \/><\/a><\/p>\n","protected":false},"excerpt":{"rendered":"<p>Mantena e regi\u00e3o presenciar\u00e3o um grande show da Banda M\u00e1quina do Tempo no pr\u00f3ximo dia 18 de Dezembro. Uma banda que tem uma bela hist\u00f3ria com mais de 30 anos de carreira, tocando as mais belas can\u00e7\u00f5es dos anos 70, 80 e 90, com um vasto repert\u00f3rio passando por A-ha, Dire Street, Alphaville, Europe entre [&hellip;]<\/p>\n","protected":false},"author":1,"featured_media":68312,"comment_status":"open","ping_status":"open","sticky":false,"template":"","format":"standard","meta":[],"categories":[12],"tags":[],"_links":{"self":[{"href":"http:\/\/www.portalmantena.com.br\/novo\/index.php?rest_route=\/wp\/v2\/posts\/68310"}],"collection":[{"href":"http:\/\/www.portalmantena.com.br\/novo\/index.php?rest_route=\/wp\/v2\/posts"}],"about":[{"href":"http:\/\/www.portalmantena.com.br\/novo\/index.php?rest_route=\/wp\/v2\/types\/post"}],"author":[{"embeddable":true,"href":"http:\/\/www.portalmantena.com.br\/novo\/index.php?rest_route=\/wp\/v2\/users\/1"}],"replies":[{"embeddable":true,"href":"http:\/\/www.portalmantena.com.br\/novo\/index.php?rest_route=%2Fwp%2Fv2%2Fcomments&post=68310"}],"version-history":[{"count":1,"href":"http:\/\/www.portalmantena.com.br\/novo\/index.php?rest_route=\/wp\/v2\/posts\/68310\/revisions"}],"predecessor-version":[{"id":68313,"href":"http:\/\/www.portalmantena.com.br\/novo\/index.php?rest_route=\/wp\/v2\/posts\/68310\/revisions\/68313"}],"wp:featuredmedia":[{"embeddable":true,"href":"http:\/\/www.portalmantena.com.br\/novo\/index.php?rest_route=\/wp\/v2\/media\/68312"}],"wp:attachment":[{"href":"http:\/\/www.portalmantena.com.br\/novo\/index.php?rest_route=%2Fwp%2Fv2%2Fmedia&parent=68310"}],"wp:term":[{"taxonomy":"category","embeddable":true,"href":"http:\/\/www.portalmantena.com.br\/novo\/index.php?rest_route=%2Fwp%2Fv2%2Fcategories&post=68310"},{"taxonomy":"post_tag","embeddable":true,"href":"http:\/\/www.portalmantena.com.br\/novo\/index.php?rest_route=%2Fwp%2Fv2%2Ftags&post=68310"}],"curies":[{"name":"wp","href":"https:\/\/api.w.org\/{rel}","templated":true}]}}