{"id":68284,"date":"2021-11-18T12:16:54","date_gmt":"2021-11-18T14:16:54","guid":{"rendered":"http:\/\/www.portalmantena.com.br\/novo\/?p=68284"},"modified":"2021-11-18T12:16:54","modified_gmt":"2021-11-18T14:16:54","slug":"mantena-homem-e-detido-apos-furtar-carnes-em-comercio","status":"publish","type":"post","link":"http:\/\/www.portalmantena.com.br\/novo\/?p=68284","title":{"rendered":"Mantena: Homem \u00e9 detido ap\u00f3s furtar Carnes em com\u00e9rcio"},"content":{"rendered":"<p><a href=\"http:\/\/www.portalmantena.com.br\/novo\/wp-content\/uploads\/2021\/11\/pm6.jpg\"><img loading=\"lazy\" class=\"alignnone size-full wp-image-68285\" src=\"http:\/\/www.portalmantena.com.br\/novo\/wp-content\/uploads\/2021\/11\/pm6.jpg\" alt=\"\" width=\"700\" height=\"450\" srcset=\"http:\/\/www.portalmantena.com.br\/novo\/wp-content\/uploads\/2021\/11\/pm6.jpg 700w, http:\/\/www.portalmantena.com.br\/novo\/wp-content\/uploads\/2021\/11\/pm6-300x193.jpg 300w, http:\/\/www.portalmantena.com.br\/novo\/wp-content\/uploads\/2021\/11\/pm6-696x447.jpg 696w, http:\/\/www.portalmantena.com.br\/novo\/wp-content\/uploads\/2021\/11\/pm6-653x420.jpg 653w\" sizes=\"(max-width: 700px) 100vw, 700px\" \/><\/a><\/p>\n<p><span style=\"font-size: 14pt;\">Na manh\u00e3 desta quarta-feira dia 17 de novembro no Centro da cidade de Mantena, os militares foram acionados pela Sala de Opera\u00e7\u00f5es da Unidade, informando que um indiv\u00edduo havia adentrado em um estabelecimento comercial \u201csacol\u00e3o\u201d e furtado algumas Carnes e se evadido do local. <\/span><\/p>\n<p><span style=\"font-size: 14pt;\">Os policiais estiveram no estabelecimento e verificaram as imagens das c\u00e2meras de seguran\u00e7a, e ap\u00f3s realizarem intenso rastreamento, conseguiram localizar e abordar o autor de 45 anos. <\/span><\/p>\n<p><span style=\"font-size: 14pt;\">Segundo informa\u00e7\u00f5es da PM o autor foi localizado em uma motocicleta na via p\u00fablica e sob influ\u00eancia de \u00e1lcool. <\/span><\/p>\n<p><span style=\"font-size: 18pt;\"><strong>O autor teria informando aos militares que ingeriu bebida alco\u00f3lica e cometido o furto. <\/strong><\/span><\/p>\n<p><span style=\"font-size: 14pt;\">Os militares recuperaram os produtos do furto que estaria de posse do autor e tamb\u00e9m apreenderam 01 pedra de crack e uma motocicleta utilizada no crime. <\/span><\/p>\n<p><span style=\"font-size: 14pt;\">Diante da situa\u00e7\u00e3o foi dado voz de pris\u00e3o ao autor e juntamente com os materiais apreendidos foram encaminhados at\u00e9 a Delegacia de Pol\u00edcia Civil de Mantena. (fonte:PMMG).<\/span><\/p>\n<p><a href=\"http:\/\/www.portalmantena.com.br\/novo\/\"><img loading=\"lazy\" class=\"alignnone size-full wp-image-37331\" src=\"http:\/\/www.portalmantena.com.br\/novo\/wp-content\/uploads\/2018\/05\/faixaportalnoticias5.jpg\" alt=\"\" width=\"700\" height=\"40\" srcset=\"http:\/\/www.portalmantena.com.br\/novo\/wp-content\/uploads\/2018\/05\/faixaportalnoticias5.jpg 700w, http:\/\/www.portalmantena.com.br\/novo\/wp-content\/uploads\/2018\/05\/faixaportalnoticias5-300x17.jpg 300w, http:\/\/www.portalmantena.com.br\/novo\/wp-content\/uploads\/2018\/05\/faixaportalnoticias5-696x40.jpg 696w\" sizes=\"(max-width: 700px) 100vw, 700px\" \/><\/a><\/p>\n<p><span style=\"font-size: 10pt;\">ESPA\u00c7O EMPRESARIA<\/span><a href=\"https:\/\/www.facebook.com\/realcecosmeticosmantena\"><img loading=\"lazy\" class=\"alignnone size-full wp-image-64138\" src=\"http:\/\/www.portalmantena.com.br\/novo\/wp-content\/uploads\/2018\/05\/realcebanner.jpg\" alt=\"\" width=\"700\" height=\"150\" srcset=\"http:\/\/www.portalmantena.com.br\/novo\/wp-content\/uploads\/2018\/05\/realcebanner.jpg 700w, http:\/\/www.portalmantena.com.br\/novo\/wp-content\/uploads\/2018\/05\/realcebanner-300x64.jpg 300w, http:\/\/www.portalmantena.com.br\/novo\/wp-content\/uploads\/2018\/05\/realcebanner-696x150.jpg 696w\" sizes=\"(max-width: 700px) 100vw, 700px\" \/><\/a><\/p>\n","protected":false},"excerpt":{"rendered":"<p>Na manh\u00e3 desta quarta-feira dia 17 de novembro no Centro da cidade de Mantena, os militares foram acionados pela Sala de Opera\u00e7\u00f5es da Unidade, informando que um indiv\u00edduo havia adentrado em um estabelecimento comercial \u201csacol\u00e3o\u201d e furtado algumas Carnes e se evadido do local. Os policiais estiveram no estabelecimento e verificaram as imagens das c\u00e2meras [&hellip;]<\/p>\n","protected":false},"author":1,"featured_media":68285,"comment_status":"open","ping_status":"open","sticky":false,"template":"","format":"standard","meta":[],"categories":[11,34],"tags":[],"_links":{"self":[{"href":"http:\/\/www.portalmantena.com.br\/novo\/index.php?rest_route=\/wp\/v2\/posts\/68284"}],"collection":[{"href":"http:\/\/www.portalmantena.com.br\/novo\/index.php?rest_route=\/wp\/v2\/posts"}],"about":[{"href":"http:\/\/www.portalmantena.com.br\/novo\/index.php?rest_route=\/wp\/v2\/types\/post"}],"author":[{"embeddable":true,"href":"http:\/\/www.portalmantena.com.br\/novo\/index.php?rest_route=\/wp\/v2\/users\/1"}],"replies":[{"embeddable":true,"href":"http:\/\/www.portalmantena.com.br\/novo\/index.php?rest_route=%2Fwp%2Fv2%2Fcomments&post=68284"}],"version-history":[{"count":1,"href":"http:\/\/www.portalmantena.com.br\/novo\/index.php?rest_route=\/wp\/v2\/posts\/68284\/revisions"}],"predecessor-version":[{"id":68286,"href":"http:\/\/www.portalmantena.com.br\/novo\/index.php?rest_route=\/wp\/v2\/posts\/68284\/revisions\/68286"}],"wp:featuredmedia":[{"embeddable":true,"href":"http:\/\/www.portalmantena.com.br\/novo\/index.php?rest_route=\/wp\/v2\/media\/68285"}],"wp:attachment":[{"href":"http:\/\/www.portalmantena.com.br\/novo\/index.php?rest_route=%2Fwp%2Fv2%2Fmedia&parent=68284"}],"wp:term":[{"taxonomy":"category","embeddable":true,"href":"http:\/\/www.portalmantena.com.br\/novo\/index.php?rest_route=%2Fwp%2Fv2%2Fcategories&post=68284"},{"taxonomy":"post_tag","embeddable":true,"href":"http:\/\/www.portalmantena.com.br\/novo\/index.php?rest_route=%2Fwp%2Fv2%2Ftags&post=68284"}],"curies":[{"name":"wp","href":"https:\/\/api.w.org\/{rel}","templated":true}]}}