{"id":68254,"date":"2021-11-17T11:42:39","date_gmt":"2021-11-17T13:42:39","guid":{"rendered":"http:\/\/www.portalmantena.com.br\/novo\/?p=68254"},"modified":"2021-11-17T11:44:23","modified_gmt":"2021-11-17T13:44:23","slug":"mantena-mais-um-cliente-satisfeito-com-sua-usina-solar","status":"publish","type":"post","link":"http:\/\/www.portalmantena.com.br\/novo\/?p=68254","title":{"rendered":"Mantena: Mais um cliente satisfeito com sua usina Solar"},"content":{"rendered":"<p><a href=\"http:\/\/www.portalmantena.com.br\/novo\/wp-content\/uploads\/2021\/11\/no171121tempo1.jpg\"><img loading=\"lazy\" class=\"alignnone size-full wp-image-68255\" src=\"http:\/\/www.portalmantena.com.br\/novo\/wp-content\/uploads\/2021\/11\/no171121tempo1.jpg\" alt=\"\" width=\"700\" height=\"450\" srcset=\"http:\/\/www.portalmantena.com.br\/novo\/wp-content\/uploads\/2021\/11\/no171121tempo1.jpg 700w, http:\/\/www.portalmantena.com.br\/novo\/wp-content\/uploads\/2021\/11\/no171121tempo1-300x193.jpg 300w, http:\/\/www.portalmantena.com.br\/novo\/wp-content\/uploads\/2021\/11\/no171121tempo1-696x447.jpg 696w, http:\/\/www.portalmantena.com.br\/novo\/wp-content\/uploads\/2021\/11\/no171121tempo1-653x420.jpg 653w\" sizes=\"(max-width: 700px) 100vw, 700px\" \/><\/a><\/p>\n<p><span style=\"font-size: 14pt;\">Cresce em Mantena e regi\u00e3o a ades\u00e3o dos consumidores pela instala\u00e7\u00e3o de uma usina solar, ou seja, com o pre\u00e7o alto na conta de energia el\u00e9trica muitos consumidores est\u00e3o adotando a gera\u00e7\u00e3o de sua pr\u00f3pria energia, acessando assim uma energia limpa, gerando conforto em suas resid\u00eancias, estabelecimentos comerciais e ind\u00fastrias e ainda economizando no final do m\u00eas. <\/span><\/p>\n<p><span style=\"font-size: 14pt;\">O consumidor satisfeito nesta ocasi\u00e3o \u00e9 o empres\u00e1rio Andr\u00e9 da ByHare. Ele instalou em sua resid\u00eancia uma usina de energia solar da Tempo Solar, que j\u00e1 est\u00e1 lhe proporcionando uma economia mensal de mais de R$ 1.000 reais.<\/span><\/p>\n<p><span style=\"font-size: 18pt;\"><strong> Voc\u00ea tamb\u00e9m pode ter acesso a este servi\u00e7o. <\/strong><\/span><\/p>\n<p><span style=\"font-size: 14pt;\">Fa\u00e7a contado com a empresa Tempo Solar em Mantena, solicite uma visita e um or\u00e7amento sem compromisso com o representante\u00a0<strong>Emerson Alves, atrav\u00e9s do telefone: (33) 9 8864-0218 (Whatsapp).<\/strong><\/span><\/p>\n<p><a href=\"http:\/\/www.portalmantena.com.br\/novo\/wp-content\/uploads\/2021\/11\/no171121tempo2.jpg\"><img loading=\"lazy\" class=\"alignnone size-full wp-image-68256\" src=\"http:\/\/www.portalmantena.com.br\/novo\/wp-content\/uploads\/2021\/11\/no171121tempo2.jpg\" alt=\"\" width=\"700\" height=\"450\" srcset=\"http:\/\/www.portalmantena.com.br\/novo\/wp-content\/uploads\/2021\/11\/no171121tempo2.jpg 700w, http:\/\/www.portalmantena.com.br\/novo\/wp-content\/uploads\/2021\/11\/no171121tempo2-300x193.jpg 300w, http:\/\/www.portalmantena.com.br\/novo\/wp-content\/uploads\/2021\/11\/no171121tempo2-696x447.jpg 696w, http:\/\/www.portalmantena.com.br\/novo\/wp-content\/uploads\/2021\/11\/no171121tempo2-653x420.jpg 653w\" sizes=\"(max-width: 700px) 100vw, 700px\" \/><\/a> <a href=\"http:\/\/www.portalmantena.com.br\/novo\/wp-content\/uploads\/2021\/11\/no171121tempo3.jpg\"><img loading=\"lazy\" class=\"alignnone size-full wp-image-68257\" src=\"http:\/\/www.portalmantena.com.br\/novo\/wp-content\/uploads\/2021\/11\/no171121tempo3.jpg\" alt=\"\" width=\"700\" height=\"450\" srcset=\"http:\/\/www.portalmantena.com.br\/novo\/wp-content\/uploads\/2021\/11\/no171121tempo3.jpg 700w, http:\/\/www.portalmantena.com.br\/novo\/wp-content\/uploads\/2021\/11\/no171121tempo3-300x193.jpg 300w, http:\/\/www.portalmantena.com.br\/novo\/wp-content\/uploads\/2021\/11\/no171121tempo3-696x447.jpg 696w, http:\/\/www.portalmantena.com.br\/novo\/wp-content\/uploads\/2021\/11\/no171121tempo3-653x420.jpg 653w\" sizes=\"(max-width: 700px) 100vw, 700px\" \/><\/a><\/p>\n<p><a href=\"http:\/\/www.portalmantena.com.br\/novo\/\"><img loading=\"lazy\" class=\"alignnone size-full wp-image-37331\" src=\"http:\/\/www.portalmantena.com.br\/novo\/wp-content\/uploads\/2018\/05\/faixaportalnoticias5.jpg\" alt=\"\" width=\"700\" height=\"40\" srcset=\"http:\/\/www.portalmantena.com.br\/novo\/wp-content\/uploads\/2018\/05\/faixaportalnoticias5.jpg 700w, http:\/\/www.portalmantena.com.br\/novo\/wp-content\/uploads\/2018\/05\/faixaportalnoticias5-300x17.jpg 300w, http:\/\/www.portalmantena.com.br\/novo\/wp-content\/uploads\/2018\/05\/faixaportalnoticias5-696x40.jpg 696w\" sizes=\"(max-width: 700px) 100vw, 700px\" \/><\/a><\/p>\n<p><span style=\"font-size: 10pt;\">ESPA\u00c7O EMPRESARIAL<\/span><a href=\"http:\/\/www.temposolar.com.br\/\"><img loading=\"lazy\" class=\"alignnone size-full wp-image-44084\" src=\"http:\/\/www.portalmantena.com.br\/novo\/wp-content\/uploads\/2018\/05\/temposolarbb.jpg\" alt=\"\" width=\"700\" height=\"150\" srcset=\"http:\/\/www.portalmantena.com.br\/novo\/wp-content\/uploads\/2018\/05\/temposolarbb.jpg 700w, http:\/\/www.portalmantena.com.br\/novo\/wp-content\/uploads\/2018\/05\/temposolarbb-300x64.jpg 300w, http:\/\/www.portalmantena.com.br\/novo\/wp-content\/uploads\/2018\/05\/temposolarbb-696x150.jpg 696w\" sizes=\"(max-width: 700px) 100vw, 700px\" \/><\/a><\/p>\n","protected":false},"excerpt":{"rendered":"<p>Cresce em Mantena e regi\u00e3o a ades\u00e3o dos consumidores pela instala\u00e7\u00e3o de uma usina solar, ou seja, com o pre\u00e7o alto na conta de energia el\u00e9trica muitos consumidores est\u00e3o adotando a gera\u00e7\u00e3o de sua pr\u00f3pria energia, acessando assim uma energia limpa, gerando conforto em suas resid\u00eancias, estabelecimentos comerciais e ind\u00fastrias e ainda economizando no final [&hellip;]<\/p>\n","protected":false},"author":1,"featured_media":68255,"comment_status":"open","ping_status":"open","sticky":false,"template":"","format":"standard","meta":[],"categories":[11],"tags":[],"_links":{"self":[{"href":"http:\/\/www.portalmantena.com.br\/novo\/index.php?rest_route=\/wp\/v2\/posts\/68254"}],"collection":[{"href":"http:\/\/www.portalmantena.com.br\/novo\/index.php?rest_route=\/wp\/v2\/posts"}],"about":[{"href":"http:\/\/www.portalmantena.com.br\/novo\/index.php?rest_route=\/wp\/v2\/types\/post"}],"author":[{"embeddable":true,"href":"http:\/\/www.portalmantena.com.br\/novo\/index.php?rest_route=\/wp\/v2\/users\/1"}],"replies":[{"embeddable":true,"href":"http:\/\/www.portalmantena.com.br\/novo\/index.php?rest_route=%2Fwp%2Fv2%2Fcomments&post=68254"}],"version-history":[{"count":1,"href":"http:\/\/www.portalmantena.com.br\/novo\/index.php?rest_route=\/wp\/v2\/posts\/68254\/revisions"}],"predecessor-version":[{"id":68258,"href":"http:\/\/www.portalmantena.com.br\/novo\/index.php?rest_route=\/wp\/v2\/posts\/68254\/revisions\/68258"}],"wp:featuredmedia":[{"embeddable":true,"href":"http:\/\/www.portalmantena.com.br\/novo\/index.php?rest_route=\/wp\/v2\/media\/68255"}],"wp:attachment":[{"href":"http:\/\/www.portalmantena.com.br\/novo\/index.php?rest_route=%2Fwp%2Fv2%2Fmedia&parent=68254"}],"wp:term":[{"taxonomy":"category","embeddable":true,"href":"http:\/\/www.portalmantena.com.br\/novo\/index.php?rest_route=%2Fwp%2Fv2%2Fcategories&post=68254"},{"taxonomy":"post_tag","embeddable":true,"href":"http:\/\/www.portalmantena.com.br\/novo\/index.php?rest_route=%2Fwp%2Fv2%2Ftags&post=68254"}],"curies":[{"name":"wp","href":"https:\/\/api.w.org\/{rel}","templated":true}]}}