{"id":68241,"date":"2021-11-11T12:20:20","date_gmt":"2021-11-11T14:20:20","guid":{"rendered":"http:\/\/www.portalmantena.com.br\/novo\/?p=68241"},"modified":"2021-11-17T14:57:28","modified_gmt":"2021-11-17T16:57:28","slug":"covid-mantena-2a-dose-para-adolescentes-nesta-quinta","status":"publish","type":"post","link":"http:\/\/www.portalmantena.com.br\/novo\/?p=68241","title":{"rendered":"Covid\/Mantena: 2\u00aa dose para adolescentes nesta quinta"},"content":{"rendered":"<p><a href=\"http:\/\/www.portalmantena.com.br\/novo\/wp-content\/uploads\/2021\/11\/no111121vacina.jpg\"><img loading=\"lazy\" class=\"alignnone size-full wp-image-68242\" src=\"http:\/\/www.portalmantena.com.br\/novo\/wp-content\/uploads\/2021\/11\/no111121vacina.jpg\" alt=\"\" width=\"700\" height=\"450\" srcset=\"http:\/\/www.portalmantena.com.br\/novo\/wp-content\/uploads\/2021\/11\/no111121vacina.jpg 700w, http:\/\/www.portalmantena.com.br\/novo\/wp-content\/uploads\/2021\/11\/no111121vacina-300x193.jpg 300w, http:\/\/www.portalmantena.com.br\/novo\/wp-content\/uploads\/2021\/11\/no111121vacina-696x447.jpg 696w, http:\/\/www.portalmantena.com.br\/novo\/wp-content\/uploads\/2021\/11\/no111121vacina-653x420.jpg 653w\" sizes=\"(max-width: 700px) 100vw, 700px\" \/><\/a><\/p>\n<p><span style=\"font-size: 14pt;\">Esta quinta-feira dia 11 de novembro \u00e9 dia de vacina\u00e7\u00e3o contra covid 19 para idosos e adolescentes em Mantena.<\/span><\/p>\n<p><span style=\"font-size: 14pt;\"> A vacina\u00e7\u00e3o acontecer\u00e1 no Centro de sa\u00fade (pr\u00f3ximo ao f\u00f3rum em Mantena), com in\u00edcio \u00e0s 8 horas da manh\u00e3 e t\u00e9rmino \u00e0s 15 horas.<\/span><\/p>\n<p><span style=\"font-size: 18pt;\"><strong> A Vacina\u00e7\u00e3o ser\u00e1 para a segunda dose em adolescentes acima de 12 anos e refor\u00e7o para idosos acima de 60 anos e profissionais de sa\u00fade.<\/strong><\/span><\/p>\n<p><span style=\"font-size: 14pt;\"> O Intervalo entre a segunda dose e a dose de refor\u00e7o: 5 meses. <\/span><\/p>\n<p><span style=\"font-size: 14pt;\">J\u00e1 o intervalo entre 1\u00aa e 2\u00aa dose: CoronaVac\/Butantan &#8211; 30 dias; AstraZeneca\/FioCruz &#8211; 60 dias e Pfizer &#8211; 60 dias. <\/span><\/p>\n<p><span style=\"font-size: 14pt;\">(informa\u00e7\u00f5es contidas na publica\u00e7\u00e3o realizada no facebook oficial da prefeitura municipal de Mantena).<\/span><\/p>\n<p><a href=\"http:\/\/www.portalmantena.com.br\/novo\/\"><img loading=\"lazy\" class=\"alignnone size-full wp-image-37331\" src=\"http:\/\/www.portalmantena.com.br\/novo\/wp-content\/uploads\/2018\/05\/faixaportalnoticias5.jpg\" alt=\"\" width=\"700\" height=\"40\" srcset=\"http:\/\/www.portalmantena.com.br\/novo\/wp-content\/uploads\/2018\/05\/faixaportalnoticias5.jpg 700w, http:\/\/www.portalmantena.com.br\/novo\/wp-content\/uploads\/2018\/05\/faixaportalnoticias5-300x17.jpg 300w, http:\/\/www.portalmantena.com.br\/novo\/wp-content\/uploads\/2018\/05\/faixaportalnoticias5-696x40.jpg 696w\" sizes=\"(max-width: 700px) 100vw, 700px\" \/><\/a><\/p>\n<p><span style=\"font-size: 10pt;\">ESPA\u00c7O EMPRESARIAL<\/span><a href=\"http:\/\/www.portalmantena.com.br\/novo\/wp-content\/uploads\/2018\/05\/postoterraboa.jpg\"><img loading=\"lazy\" class=\"alignnone size-full wp-image-29172\" src=\"http:\/\/www.portalmantena.com.br\/novo\/wp-content\/uploads\/2018\/05\/postoterraboa.jpg\" alt=\"\" width=\"700\" height=\"150\" srcset=\"http:\/\/www.portalmantena.com.br\/novo\/wp-content\/uploads\/2018\/05\/postoterraboa.jpg 700w, http:\/\/www.portalmantena.com.br\/novo\/wp-content\/uploads\/2018\/05\/postoterraboa-300x64.jpg 300w, http:\/\/www.portalmantena.com.br\/novo\/wp-content\/uploads\/2018\/05\/postoterraboa-696x150.jpg 696w\" sizes=\"(max-width: 700px) 100vw, 700px\" \/><\/a><\/p>\n","protected":false},"excerpt":{"rendered":"<p>Esta quinta-feira dia 11 de novembro \u00e9 dia de vacina\u00e7\u00e3o contra covid 19 para idosos e adolescentes em Mantena. A vacina\u00e7\u00e3o acontecer\u00e1 no Centro de sa\u00fade (pr\u00f3ximo ao f\u00f3rum em Mantena), com in\u00edcio \u00e0s 8 horas da manh\u00e3 e t\u00e9rmino \u00e0s 15 horas. A Vacina\u00e7\u00e3o ser\u00e1 para a segunda dose em adolescentes acima de 12 [&hellip;]<\/p>\n","protected":false},"author":1,"featured_media":68242,"comment_status":"open","ping_status":"open","sticky":false,"template":"","format":"standard","meta":[],"categories":[11],"tags":[],"_links":{"self":[{"href":"http:\/\/www.portalmantena.com.br\/novo\/index.php?rest_route=\/wp\/v2\/posts\/68241"}],"collection":[{"href":"http:\/\/www.portalmantena.com.br\/novo\/index.php?rest_route=\/wp\/v2\/posts"}],"about":[{"href":"http:\/\/www.portalmantena.com.br\/novo\/index.php?rest_route=\/wp\/v2\/types\/post"}],"author":[{"embeddable":true,"href":"http:\/\/www.portalmantena.com.br\/novo\/index.php?rest_route=\/wp\/v2\/users\/1"}],"replies":[{"embeddable":true,"href":"http:\/\/www.portalmantena.com.br\/novo\/index.php?rest_route=%2Fwp%2Fv2%2Fcomments&post=68241"}],"version-history":[{"count":1,"href":"http:\/\/www.portalmantena.com.br\/novo\/index.php?rest_route=\/wp\/v2\/posts\/68241\/revisions"}],"predecessor-version":[{"id":68243,"href":"http:\/\/www.portalmantena.com.br\/novo\/index.php?rest_route=\/wp\/v2\/posts\/68241\/revisions\/68243"}],"wp:featuredmedia":[{"embeddable":true,"href":"http:\/\/www.portalmantena.com.br\/novo\/index.php?rest_route=\/wp\/v2\/media\/68242"}],"wp:attachment":[{"href":"http:\/\/www.portalmantena.com.br\/novo\/index.php?rest_route=%2Fwp%2Fv2%2Fmedia&parent=68241"}],"wp:term":[{"taxonomy":"category","embeddable":true,"href":"http:\/\/www.portalmantena.com.br\/novo\/index.php?rest_route=%2Fwp%2Fv2%2Fcategories&post=68241"},{"taxonomy":"post_tag","embeddable":true,"href":"http:\/\/www.portalmantena.com.br\/novo\/index.php?rest_route=%2Fwp%2Fv2%2Ftags&post=68241"}],"curies":[{"name":"wp","href":"https:\/\/api.w.org\/{rel}","templated":true}]}}