{"id":68095,"date":"2021-10-26T09:45:23","date_gmt":"2021-10-26T11:45:23","guid":{"rendered":"http:\/\/www.portalmantena.com.br\/novo\/?p=68095"},"modified":"2021-10-26T09:45:23","modified_gmt":"2021-10-26T11:45:23","slug":"amigos-do-futebol-se-reencontrando-nos-gramados","status":"publish","type":"post","link":"http:\/\/www.portalmantena.com.br\/novo\/?p=68095","title":{"rendered":"Amigos do futebol se reencontrando nos Gramados"},"content":{"rendered":"<p><a href=\"http:\/\/www.portalmantena.com.br\/novo\/wp-content\/uploads\/2021\/10\/vi261021rafa.jpg\"><img loading=\"lazy\" class=\"alignnone size-full wp-image-68096\" src=\"http:\/\/www.portalmantena.com.br\/novo\/wp-content\/uploads\/2021\/10\/vi261021rafa.jpg\" alt=\"\" width=\"700\" height=\"450\" srcset=\"http:\/\/www.portalmantena.com.br\/novo\/wp-content\/uploads\/2021\/10\/vi261021rafa.jpg 700w, http:\/\/www.portalmantena.com.br\/novo\/wp-content\/uploads\/2021\/10\/vi261021rafa-300x193.jpg 300w, http:\/\/www.portalmantena.com.br\/novo\/wp-content\/uploads\/2021\/10\/vi261021rafa-696x447.jpg 696w, http:\/\/www.portalmantena.com.br\/novo\/wp-content\/uploads\/2021\/10\/vi261021rafa-653x420.jpg 653w\" sizes=\"(max-width: 700px) 100vw, 700px\" \/><\/a><\/p>\n<p><span style=\"font-size: 14pt;\">Amigos de longa data e tamb\u00e9m atletas pelos campos de futebol da regi\u00e3o atuando pelos veteranos, os amigos Rafinha e Reginaldo Monteiro (Cear\u00e1). <\/span><\/p>\n<p><span style=\"font-size: 14pt;\">Estes mantenenses, rivais em times do cora\u00e7\u00e3o, compartilham da boa amizade e dos momentos especiais de reencontro pelos gramados como este da foto registrada no Est\u00e1dio Municipal Rafael de Carvalho. \u00a0<\/span><\/p>\n<p><a href=\"http:\/\/www.portalmantena.com.br\/novo\/\"><img loading=\"lazy\" class=\"alignnone size-full wp-image-37296\" src=\"http:\/\/www.portalmantena.com.br\/novo\/wp-content\/uploads\/2018\/05\/faixavitrine2.jpg\" alt=\"\" width=\"700\" height=\"40\" srcset=\"http:\/\/www.portalmantena.com.br\/novo\/wp-content\/uploads\/2018\/05\/faixavitrine2.jpg 700w, http:\/\/www.portalmantena.com.br\/novo\/wp-content\/uploads\/2018\/05\/faixavitrine2-300x17.jpg 300w, http:\/\/www.portalmantena.com.br\/novo\/wp-content\/uploads\/2018\/05\/faixavitrine2-696x40.jpg 696w\" sizes=\"(max-width: 700px) 100vw, 700px\" \/><\/a><\/p>\n<p><span style=\"font-size: 10pt;\">ESPA\u00c7O EMPRESARIAL<\/span><img src=\"http:\/\/www.portalmantena.com.br\/novo\/wp-content\/uploads\/2021\/01\/bifao140121a.jpg\" \/><\/p>\n","protected":false},"excerpt":{"rendered":"<p>Amigos de longa data e tamb\u00e9m atletas pelos campos de futebol da regi\u00e3o atuando pelos veteranos, os amigos Rafinha e Reginaldo Monteiro (Cear\u00e1). Estes mantenenses, rivais em times do cora\u00e7\u00e3o, compartilham da boa amizade e dos momentos especiais de reencontro pelos gramados como este da foto registrada no Est\u00e1dio Municipal Rafael de Carvalho. \u00a0 ESPA\u00c7O [&hellip;]<\/p>\n","protected":false},"author":1,"featured_media":68096,"comment_status":"open","ping_status":"open","sticky":false,"template":"","format":"standard","meta":[],"categories":[7],"tags":[],"_links":{"self":[{"href":"http:\/\/www.portalmantena.com.br\/novo\/index.php?rest_route=\/wp\/v2\/posts\/68095"}],"collection":[{"href":"http:\/\/www.portalmantena.com.br\/novo\/index.php?rest_route=\/wp\/v2\/posts"}],"about":[{"href":"http:\/\/www.portalmantena.com.br\/novo\/index.php?rest_route=\/wp\/v2\/types\/post"}],"author":[{"embeddable":true,"href":"http:\/\/www.portalmantena.com.br\/novo\/index.php?rest_route=\/wp\/v2\/users\/1"}],"replies":[{"embeddable":true,"href":"http:\/\/www.portalmantena.com.br\/novo\/index.php?rest_route=%2Fwp%2Fv2%2Fcomments&post=68095"}],"version-history":[{"count":1,"href":"http:\/\/www.portalmantena.com.br\/novo\/index.php?rest_route=\/wp\/v2\/posts\/68095\/revisions"}],"predecessor-version":[{"id":68097,"href":"http:\/\/www.portalmantena.com.br\/novo\/index.php?rest_route=\/wp\/v2\/posts\/68095\/revisions\/68097"}],"wp:featuredmedia":[{"embeddable":true,"href":"http:\/\/www.portalmantena.com.br\/novo\/index.php?rest_route=\/wp\/v2\/media\/68096"}],"wp:attachment":[{"href":"http:\/\/www.portalmantena.com.br\/novo\/index.php?rest_route=%2Fwp%2Fv2%2Fmedia&parent=68095"}],"wp:term":[{"taxonomy":"category","embeddable":true,"href":"http:\/\/www.portalmantena.com.br\/novo\/index.php?rest_route=%2Fwp%2Fv2%2Fcategories&post=68095"},{"taxonomy":"post_tag","embeddable":true,"href":"http:\/\/www.portalmantena.com.br\/novo\/index.php?rest_route=%2Fwp%2Fv2%2Ftags&post=68095"}],"curies":[{"name":"wp","href":"https:\/\/api.w.org\/{rel}","templated":true}]}}