{"id":68089,"date":"2021-10-25T14:29:33","date_gmt":"2021-10-25T16:29:33","guid":{"rendered":"http:\/\/www.portalmantena.com.br\/novo\/?p=68089"},"modified":"2021-10-25T14:45:30","modified_gmt":"2021-10-25T16:45:30","slug":"mantena-vai-comecar-a-1a-copa-prata-da-casa","status":"publish","type":"post","link":"http:\/\/www.portalmantena.com.br\/novo\/?p=68089","title":{"rendered":"Mantena: Vai come\u00e7ar a 1\u00aa Copa Prata da Casa"},"content":{"rendered":"<p><a href=\"http:\/\/www.portalmantena.com.br\/novo\/wp-content\/uploads\/2021\/10\/no251021futebol.jpg\"><img loading=\"lazy\" class=\"alignnone size-full wp-image-68090\" src=\"http:\/\/www.portalmantena.com.br\/novo\/wp-content\/uploads\/2021\/10\/no251021futebol.jpg\" alt=\"\" width=\"700\" height=\"450\" srcset=\"http:\/\/www.portalmantena.com.br\/novo\/wp-content\/uploads\/2021\/10\/no251021futebol.jpg 700w, http:\/\/www.portalmantena.com.br\/novo\/wp-content\/uploads\/2021\/10\/no251021futebol-300x193.jpg 300w, http:\/\/www.portalmantena.com.br\/novo\/wp-content\/uploads\/2021\/10\/no251021futebol-696x447.jpg 696w, http:\/\/www.portalmantena.com.br\/novo\/wp-content\/uploads\/2021\/10\/no251021futebol-653x420.jpg 653w\" sizes=\"(max-width: 700px) 100vw, 700px\" \/><\/a><\/p>\n<p><span style=\"font-size: 14pt;\">Ap\u00f3s um longo per\u00edodo sem campeonatos acontecendo no est\u00e1dio municipal Rafael de Carvalho em Mantena, em raz\u00e3o da Pandemia, chegou o momento de ver a torcida novamente em campo e os times na disputa de mais um evento esportivo na cidade. <\/span><\/p>\n<p><span style=\"font-size: 18pt;\"><strong>Vem ai a 1\u00aa Copa Prata da Casa de futebol de Campo, e o in\u00edcio ser\u00e1 nesta ter\u00e7a-feira dia 26 de Outubro com dois grandes jogos. <\/strong><\/span><\/p>\n<p><span style=\"font-size: 14pt;\">A copa envolver\u00e1 as categorias Aspirante e Titular de 8 equipes, sendo elas: Oper\u00e1rios, Barcelona, CEVIN, Fluminense, Gr\u00eamio, Nacional, Uni\u00e3o e Vila Nova. <\/span><\/p>\n<p><span style=\"font-size: 14pt;\">A competi\u00e7\u00e3o foi dividida em 1\u00aa fase, 2\u00aa fase \/semifinais e Final que acontecer\u00e1 dia 09 de Dezembro com a decis\u00e3o em jogo \u00fanico com os Aspirantes entrando em campo \u00e0s 19 horas e os titulares \u00e0s 21 horas.<\/span><\/p>\n<p><span style=\"font-size: 14pt;\"> Nesta ter\u00e7a-feira (26), na abertura e jogos iniciais estar\u00e3o se enfrentando \u00e0s 19 Horas Fluminense do Bananal x Gr\u00eamio, nos Aspirantes e em seguida pelos titulares \u00e0s 21 horas, Fluminense x Gr\u00eamio. <\/span><\/p>\n<p><span style=\"font-size: 14pt;\">Ingressos sendo vendidos \u00e0 R$ 2,00 no entanto n\u00e3o haver\u00e1 venda de ingressos na porta do est\u00e1dio, os ingressos est\u00e3o sendo vendidos pelas equipes participantes. <\/span><\/p>\n<p><span style=\"font-size: 14pt;\">Lembrando ainda que ser\u00e1 obrigat\u00f3rio \u00e0 torcida que tenha pelo menos a 1\u00aa dose da vacina contra covid 19 , e ainda ser\u00e1 exigido o uso de m\u00e1scara. <\/span><\/p>\n<p><span style=\"font-size: 14pt;\">O p\u00fablico presente tamb\u00e9m ter\u00e1 limite m\u00e1ximo de 200 pessoas.<\/span><\/p>\n<p><a href=\"http:\/\/www.portalmantena.com.br\/novo\/\"><img loading=\"lazy\" class=\"alignnone size-full wp-image-37331\" src=\"http:\/\/www.portalmantena.com.br\/novo\/wp-content\/uploads\/2018\/05\/faixaportalnoticias5.jpg\" alt=\"\" width=\"700\" height=\"40\" srcset=\"http:\/\/www.portalmantena.com.br\/novo\/wp-content\/uploads\/2018\/05\/faixaportalnoticias5.jpg 700w, http:\/\/www.portalmantena.com.br\/novo\/wp-content\/uploads\/2018\/05\/faixaportalnoticias5-300x17.jpg 300w, http:\/\/www.portalmantena.com.br\/novo\/wp-content\/uploads\/2018\/05\/faixaportalnoticias5-696x40.jpg 696w\" sizes=\"(max-width: 700px) 100vw, 700px\" \/><\/a><\/p>\n<p><span style=\"font-size: 10pt;\">ESPA\u00c7O EMPRESARIAL<\/span><a href=\"http:\/\/www.portalmantena.com.br\/novo\/wp-content\/uploads\/2018\/05\/dentista2.jpg\"><img loading=\"lazy\" class=\"alignnone size-full wp-image-68030\" src=\"http:\/\/www.portalmantena.com.br\/novo\/wp-content\/uploads\/2018\/05\/dentista2.jpg\" alt=\"\" width=\"700\" height=\"150\" srcset=\"http:\/\/www.portalmantena.com.br\/novo\/wp-content\/uploads\/2018\/05\/dentista2.jpg 700w, http:\/\/www.portalmantena.com.br\/novo\/wp-content\/uploads\/2018\/05\/dentista2-300x64.jpg 300w, http:\/\/www.portalmantena.com.br\/novo\/wp-content\/uploads\/2018\/05\/dentista2-696x150.jpg 696w\" sizes=\"(max-width: 700px) 100vw, 700px\" \/><\/a><\/p>\n","protected":false},"excerpt":{"rendered":"<p>Ap\u00f3s um longo per\u00edodo sem campeonatos acontecendo no est\u00e1dio municipal Rafael de Carvalho em Mantena, em raz\u00e3o da Pandemia, chegou o momento de ver a torcida novamente em campo e os times na disputa de mais um evento esportivo na cidade. Vem ai a 1\u00aa Copa Prata da Casa de futebol de Campo, e o [&hellip;]<\/p>\n","protected":false},"author":1,"featured_media":68090,"comment_status":"open","ping_status":"open","sticky":false,"template":"","format":"standard","meta":[],"categories":[12,22],"tags":[],"_links":{"self":[{"href":"http:\/\/www.portalmantena.com.br\/novo\/index.php?rest_route=\/wp\/v2\/posts\/68089"}],"collection":[{"href":"http:\/\/www.portalmantena.com.br\/novo\/index.php?rest_route=\/wp\/v2\/posts"}],"about":[{"href":"http:\/\/www.portalmantena.com.br\/novo\/index.php?rest_route=\/wp\/v2\/types\/post"}],"author":[{"embeddable":true,"href":"http:\/\/www.portalmantena.com.br\/novo\/index.php?rest_route=\/wp\/v2\/users\/1"}],"replies":[{"embeddable":true,"href":"http:\/\/www.portalmantena.com.br\/novo\/index.php?rest_route=%2Fwp%2Fv2%2Fcomments&post=68089"}],"version-history":[{"count":1,"href":"http:\/\/www.portalmantena.com.br\/novo\/index.php?rest_route=\/wp\/v2\/posts\/68089\/revisions"}],"predecessor-version":[{"id":68091,"href":"http:\/\/www.portalmantena.com.br\/novo\/index.php?rest_route=\/wp\/v2\/posts\/68089\/revisions\/68091"}],"wp:featuredmedia":[{"embeddable":true,"href":"http:\/\/www.portalmantena.com.br\/novo\/index.php?rest_route=\/wp\/v2\/media\/68090"}],"wp:attachment":[{"href":"http:\/\/www.portalmantena.com.br\/novo\/index.php?rest_route=%2Fwp%2Fv2%2Fmedia&parent=68089"}],"wp:term":[{"taxonomy":"category","embeddable":true,"href":"http:\/\/www.portalmantena.com.br\/novo\/index.php?rest_route=%2Fwp%2Fv2%2Fcategories&post=68089"},{"taxonomy":"post_tag","embeddable":true,"href":"http:\/\/www.portalmantena.com.br\/novo\/index.php?rest_route=%2Fwp%2Fv2%2Ftags&post=68089"}],"curies":[{"name":"wp","href":"https:\/\/api.w.org\/{rel}","templated":true}]}}