{"id":67981,"date":"2021-10-13T10:16:17","date_gmt":"2021-10-13T13:16:17","guid":{"rendered":"http:\/\/www.portalmantena.com.br\/novo\/?p=67981"},"modified":"2021-10-13T10:16:17","modified_gmt":"2021-10-13T13:16:17","slug":"mantena-pm-apreende-29-pedras-de-crack-e-um-revolver","status":"publish","type":"post","link":"http:\/\/www.portalmantena.com.br\/novo\/?p=67981","title":{"rendered":"Mantena: PM apreende 29 pedras de crack e um rev\u00f3lver"},"content":{"rendered":"<p><a href=\"http:\/\/www.portalmantena.com.br\/novo\/wp-content\/uploads\/2021\/10\/no131021arma.jpg\"><img loading=\"lazy\" class=\"alignnone size-full wp-image-67982\" src=\"http:\/\/www.portalmantena.com.br\/novo\/wp-content\/uploads\/2021\/10\/no131021arma.jpg\" alt=\"\" width=\"700\" height=\"450\" srcset=\"http:\/\/www.portalmantena.com.br\/novo\/wp-content\/uploads\/2021\/10\/no131021arma.jpg 700w, http:\/\/www.portalmantena.com.br\/novo\/wp-content\/uploads\/2021\/10\/no131021arma-300x193.jpg 300w, http:\/\/www.portalmantena.com.br\/novo\/wp-content\/uploads\/2021\/10\/no131021arma-696x447.jpg 696w, http:\/\/www.portalmantena.com.br\/novo\/wp-content\/uploads\/2021\/10\/no131021arma-653x420.jpg 653w\" sizes=\"(max-width: 700px) 100vw, 700px\" \/><\/a><\/p>\n<p><span style=\"font-size: 14pt;\">Na noite do \u00faltimo s\u00e1bado dia 09 de Outubro no bairro prefeito Joel Garcia dos Santos em Mantena, em decorr\u00eancia do Plano de A\u00e7\u00e3o 01 da 18\u00aa Cia PM Ind, os militares do T\u00e1tico M\u00f3vel avistaram um indiv\u00edduo saindo de um local conhecido como ponto de tr\u00e1fico de drogas. <\/span><\/p>\n<p><strong><span style=\"font-size: 18pt;\">Os policiais realizaram abordagens e encontraram com um autor, uma pedra de crack. <\/span><\/strong><\/p>\n<p><span style=\"font-size: 14pt;\">Ainda no local os militares visualizaram um segundo autor sentado em uma cadeira e partindo pedras de crack para comercializa\u00e7\u00e3o, ocasi\u00e3o em que os militares o surpreenderam. <\/span><\/p>\n<p><span style=\"font-size: 14pt;\">Diante dos fatos realizaram buscas no Local e tiveram \u00eaxito em localizar 59 reais em esp\u00e9cie, 29 pedras de crack embaladas e prontas para comercializa\u00e7\u00e3o, 03 buchas an\u00e1loga a maconha e um rev\u00f3lver calibre .38 com numera\u00e7\u00e3o raspada, 05 muni\u00e7\u00f5es intactas e 01 celular de origem duvidosa. <\/span><\/p>\n<p><span style=\"font-size: 14pt;\">Com apoio da PMES de Barra de S\u00e3o Francisco os militares tiveram \u00eaxito em encontrar ainda 02 pedras grandes de crack e 110 reais escondidos em um aparelho de som. <\/span><\/p>\n<p><span style=\"font-size: 14pt;\">Diante dos fatos os autores foram presos por tr\u00e1fico de drogas e juntamente com os mat\u00e9rias encaminhados at\u00e9 a Delegacia de Pol\u00edcia Civil de Governador Valadares. (fonte\/foto:PMMG).<\/span><\/p>\n<p><a href=\"http:\/\/www.portalmantena.com.br\/novo\/\"><img loading=\"lazy\" class=\"alignnone size-full wp-image-37331\" src=\"http:\/\/www.portalmantena.com.br\/novo\/wp-content\/uploads\/2018\/05\/faixaportalnoticias5.jpg\" alt=\"\" width=\"700\" height=\"40\" srcset=\"http:\/\/www.portalmantena.com.br\/novo\/wp-content\/uploads\/2018\/05\/faixaportalnoticias5.jpg 700w, http:\/\/www.portalmantena.com.br\/novo\/wp-content\/uploads\/2018\/05\/faixaportalnoticias5-300x17.jpg 300w, http:\/\/www.portalmantena.com.br\/novo\/wp-content\/uploads\/2018\/05\/faixaportalnoticias5-696x40.jpg 696w\" sizes=\"(max-width: 700px) 100vw, 700px\" \/><\/a><\/p>\n<p><span style=\"font-size: 10pt;\">ESPA\u00c7O EMPRESARIA<\/span><a href=\"https:\/\/www.facebook.com\/realcecosmeticosmantena\"><img loading=\"lazy\" class=\"alignnone size-full wp-image-64138\" src=\"http:\/\/www.portalmantena.com.br\/novo\/wp-content\/uploads\/2018\/05\/realcebanner.jpg\" alt=\"\" width=\"700\" height=\"150\" srcset=\"http:\/\/www.portalmantena.com.br\/novo\/wp-content\/uploads\/2018\/05\/realcebanner.jpg 700w, http:\/\/www.portalmantena.com.br\/novo\/wp-content\/uploads\/2018\/05\/realcebanner-300x64.jpg 300w, http:\/\/www.portalmantena.com.br\/novo\/wp-content\/uploads\/2018\/05\/realcebanner-696x150.jpg 696w\" sizes=\"(max-width: 700px) 100vw, 700px\" \/><\/a><\/p>\n","protected":false},"excerpt":{"rendered":"<p>Na noite do \u00faltimo s\u00e1bado dia 09 de Outubro no bairro prefeito Joel Garcia dos Santos em Mantena, em decorr\u00eancia do Plano de A\u00e7\u00e3o 01 da 18\u00aa Cia PM Ind, os militares do T\u00e1tico M\u00f3vel avistaram um indiv\u00edduo saindo de um local conhecido como ponto de tr\u00e1fico de drogas. Os policiais realizaram abordagens e encontraram [&hellip;]<\/p>\n","protected":false},"author":1,"featured_media":67982,"comment_status":"open","ping_status":"open","sticky":false,"template":"","format":"standard","meta":[],"categories":[11,34],"tags":[],"_links":{"self":[{"href":"http:\/\/www.portalmantena.com.br\/novo\/index.php?rest_route=\/wp\/v2\/posts\/67981"}],"collection":[{"href":"http:\/\/www.portalmantena.com.br\/novo\/index.php?rest_route=\/wp\/v2\/posts"}],"about":[{"href":"http:\/\/www.portalmantena.com.br\/novo\/index.php?rest_route=\/wp\/v2\/types\/post"}],"author":[{"embeddable":true,"href":"http:\/\/www.portalmantena.com.br\/novo\/index.php?rest_route=\/wp\/v2\/users\/1"}],"replies":[{"embeddable":true,"href":"http:\/\/www.portalmantena.com.br\/novo\/index.php?rest_route=%2Fwp%2Fv2%2Fcomments&post=67981"}],"version-history":[{"count":1,"href":"http:\/\/www.portalmantena.com.br\/novo\/index.php?rest_route=\/wp\/v2\/posts\/67981\/revisions"}],"predecessor-version":[{"id":67983,"href":"http:\/\/www.portalmantena.com.br\/novo\/index.php?rest_route=\/wp\/v2\/posts\/67981\/revisions\/67983"}],"wp:featuredmedia":[{"embeddable":true,"href":"http:\/\/www.portalmantena.com.br\/novo\/index.php?rest_route=\/wp\/v2\/media\/67982"}],"wp:attachment":[{"href":"http:\/\/www.portalmantena.com.br\/novo\/index.php?rest_route=%2Fwp%2Fv2%2Fmedia&parent=67981"}],"wp:term":[{"taxonomy":"category","embeddable":true,"href":"http:\/\/www.portalmantena.com.br\/novo\/index.php?rest_route=%2Fwp%2Fv2%2Fcategories&post=67981"},{"taxonomy":"post_tag","embeddable":true,"href":"http:\/\/www.portalmantena.com.br\/novo\/index.php?rest_route=%2Fwp%2Fv2%2Ftags&post=67981"}],"curies":[{"name":"wp","href":"https:\/\/api.w.org\/{rel}","templated":true}]}}