{"id":67831,"date":"2021-09-23T10:04:36","date_gmt":"2021-09-23T13:04:36","guid":{"rendered":"http:\/\/www.portalmantena.com.br\/novo\/?p=67831"},"modified":"2021-09-23T10:16:04","modified_gmt":"2021-09-23T13:16:04","slug":"mantena-casos-de-covid-seguem-com-tendencia-de-queda","status":"publish","type":"post","link":"http:\/\/www.portalmantena.com.br\/novo\/?p=67831","title":{"rendered":"Mantena: Casos de Covid seguem com tend\u00eancia de queda"},"content":{"rendered":"<p><a href=\"http:\/\/www.portalmantena.com.br\/novo\/wp-content\/uploads\/2021\/09\/no230921covid.jpg\"><img loading=\"lazy\" class=\"alignnone size-full wp-image-67832\" src=\"http:\/\/www.portalmantena.com.br\/novo\/wp-content\/uploads\/2021\/09\/no230921covid.jpg\" alt=\"\" width=\"700\" height=\"450\" srcset=\"http:\/\/www.portalmantena.com.br\/novo\/wp-content\/uploads\/2021\/09\/no230921covid.jpg 700w, http:\/\/www.portalmantena.com.br\/novo\/wp-content\/uploads\/2021\/09\/no230921covid-300x193.jpg 300w, http:\/\/www.portalmantena.com.br\/novo\/wp-content\/uploads\/2021\/09\/no230921covid-696x447.jpg 696w, http:\/\/www.portalmantena.com.br\/novo\/wp-content\/uploads\/2021\/09\/no230921covid-653x420.jpg 653w\" sizes=\"(max-width: 700px) 100vw, 700px\" \/><\/a><\/p>\n<p><span style=\"font-size: 14pt;\">O boletim epidemiol\u00f3gico sobre a covid 19 no munic\u00edpio de Mantena divulgado na tarde desta quarta-feira dia 23 de Setembro, segue apresentando uma redu\u00e7\u00e3o e estabilidade nos casos da doen\u00e7a no munic\u00edpio. <\/span><\/p>\n<p><span style=\"font-size: 14pt;\">O boletim registra nesta data apenas 02 casos suspeitos em investiga\u00e7\u00e3o e ainda com 8 casos ativos, sendo que deste total 7 pessoas est\u00e3o em isolamento domiciliar e 01 paciente internado em ala de hospital.<\/span><\/p>\n<p><span style=\"font-size: 18pt;\"><strong> Felizmente n\u00e3o temos nesta data nenhum paciente internado em UTI tratando da doen\u00e7a. <\/strong><\/span><\/p>\n<p><span style=\"font-size: 14pt;\">Os casos confirmados desde o in\u00edcio da Pandemia totalizam 3.321 com 3.215 pessoas j\u00e1 curadas, por\u00e9m Mantena registra 98 \u00f3bitos desde o in\u00edcio da doen\u00e7a no munic\u00edpio. <\/span><\/p>\n<p><span style=\"font-size: 14pt;\">A redu\u00e7\u00e3o no n\u00famero de casos em Mantena se deve ao avan\u00e7o da vacina\u00e7\u00e3o que chega nesta data a mais de 62% da popula\u00e7\u00e3o vacinada com pelo menos uma dose da vacina.<\/span><\/p>\n<p><a href=\"http:\/\/www.portalmantena.com.br\/novo\/\"><img loading=\"lazy\" class=\"alignnone size-full wp-image-37331\" src=\"http:\/\/www.portalmantena.com.br\/novo\/wp-content\/uploads\/2018\/05\/faixaportalnoticias5.jpg\" alt=\"\" width=\"700\" height=\"40\" srcset=\"http:\/\/www.portalmantena.com.br\/novo\/wp-content\/uploads\/2018\/05\/faixaportalnoticias5.jpg 700w, http:\/\/www.portalmantena.com.br\/novo\/wp-content\/uploads\/2018\/05\/faixaportalnoticias5-300x17.jpg 300w, http:\/\/www.portalmantena.com.br\/novo\/wp-content\/uploads\/2018\/05\/faixaportalnoticias5-696x40.jpg 696w\" sizes=\"(max-width: 700px) 100vw, 700px\" \/><\/a><\/p>\n<p><span style=\"font-size: 10pt;\">ESPA\u00c7O EMPRESARIAL<\/span><a href=\"http:\/\/www.portalmantena.com.br\/novo\/wp-content\/uploads\/2018\/05\/higiclean.jpg\"><img loading=\"lazy\" class=\"alignnone size-full wp-image-66110\" src=\"http:\/\/www.portalmantena.com.br\/novo\/wp-content\/uploads\/2018\/05\/higiclean.jpg\" alt=\"\" width=\"700\" height=\"150\" srcset=\"http:\/\/www.portalmantena.com.br\/novo\/wp-content\/uploads\/2018\/05\/higiclean.jpg 700w, http:\/\/www.portalmantena.com.br\/novo\/wp-content\/uploads\/2018\/05\/higiclean-300x64.jpg 300w, http:\/\/www.portalmantena.com.br\/novo\/wp-content\/uploads\/2018\/05\/higiclean-696x150.jpg 696w\" sizes=\"(max-width: 700px) 100vw, 700px\" \/><\/a><\/p>\n","protected":false},"excerpt":{"rendered":"<p>O boletim epidemiol\u00f3gico sobre a covid 19 no munic\u00edpio de Mantena divulgado na tarde desta quarta-feira dia 23 de Setembro, segue apresentando uma redu\u00e7\u00e3o e estabilidade nos casos da doen\u00e7a no munic\u00edpio. O boletim registra nesta data apenas 02 casos suspeitos em investiga\u00e7\u00e3o e ainda com 8 casos ativos, sendo que deste total 7 pessoas [&hellip;]<\/p>\n","protected":false},"author":1,"featured_media":67832,"comment_status":"open","ping_status":"open","sticky":false,"template":"","format":"standard","meta":[],"categories":[11],"tags":[],"_links":{"self":[{"href":"http:\/\/www.portalmantena.com.br\/novo\/index.php?rest_route=\/wp\/v2\/posts\/67831"}],"collection":[{"href":"http:\/\/www.portalmantena.com.br\/novo\/index.php?rest_route=\/wp\/v2\/posts"}],"about":[{"href":"http:\/\/www.portalmantena.com.br\/novo\/index.php?rest_route=\/wp\/v2\/types\/post"}],"author":[{"embeddable":true,"href":"http:\/\/www.portalmantena.com.br\/novo\/index.php?rest_route=\/wp\/v2\/users\/1"}],"replies":[{"embeddable":true,"href":"http:\/\/www.portalmantena.com.br\/novo\/index.php?rest_route=%2Fwp%2Fv2%2Fcomments&post=67831"}],"version-history":[{"count":1,"href":"http:\/\/www.portalmantena.com.br\/novo\/index.php?rest_route=\/wp\/v2\/posts\/67831\/revisions"}],"predecessor-version":[{"id":67833,"href":"http:\/\/www.portalmantena.com.br\/novo\/index.php?rest_route=\/wp\/v2\/posts\/67831\/revisions\/67833"}],"wp:featuredmedia":[{"embeddable":true,"href":"http:\/\/www.portalmantena.com.br\/novo\/index.php?rest_route=\/wp\/v2\/media\/67832"}],"wp:attachment":[{"href":"http:\/\/www.portalmantena.com.br\/novo\/index.php?rest_route=%2Fwp%2Fv2%2Fmedia&parent=67831"}],"wp:term":[{"taxonomy":"category","embeddable":true,"href":"http:\/\/www.portalmantena.com.br\/novo\/index.php?rest_route=%2Fwp%2Fv2%2Fcategories&post=67831"},{"taxonomy":"post_tag","embeddable":true,"href":"http:\/\/www.portalmantena.com.br\/novo\/index.php?rest_route=%2Fwp%2Fv2%2Ftags&post=67831"}],"curies":[{"name":"wp","href":"https:\/\/api.w.org\/{rel}","templated":true}]}}