{"id":67820,"date":"2021-09-21T09:55:02","date_gmt":"2021-09-21T12:55:02","guid":{"rendered":"http:\/\/www.portalmantena.com.br\/novo\/?p=67820"},"modified":"2021-09-23T09:47:12","modified_gmt":"2021-09-23T12:47:12","slug":"ze-vaqueiro-em-itabirinha-dia-23-de-outubro","status":"publish","type":"post","link":"http:\/\/www.portalmantena.com.br\/novo\/?p=67820","title":{"rendered":"Z\u00e9 Vaqueiro em Itabirinha dia 23 de Outubro"},"content":{"rendered":"<p><a href=\"http:\/\/www.portalmantena.com.br\/novo\/wp-content\/uploads\/2021\/09\/no210921itabirinha.jpg\"><img loading=\"lazy\" class=\"alignnone size-full wp-image-67821\" src=\"http:\/\/www.portalmantena.com.br\/novo\/wp-content\/uploads\/2021\/09\/no210921itabirinha.jpg\" alt=\"\" width=\"700\" height=\"450\" srcset=\"http:\/\/www.portalmantena.com.br\/novo\/wp-content\/uploads\/2021\/09\/no210921itabirinha.jpg 700w, http:\/\/www.portalmantena.com.br\/novo\/wp-content\/uploads\/2021\/09\/no210921itabirinha-300x193.jpg 300w, http:\/\/www.portalmantena.com.br\/novo\/wp-content\/uploads\/2021\/09\/no210921itabirinha-696x447.jpg 696w, http:\/\/www.portalmantena.com.br\/novo\/wp-content\/uploads\/2021\/09\/no210921itabirinha-653x420.jpg 653w\" sizes=\"(max-width: 700px) 100vw, 700px\" \/><\/a><\/p>\n<p><span style=\"font-size: 14pt;\">Uma novidade na cidade de Itabirinha, o painel de LED da Interm\u00eddia que divulga as a\u00e7\u00f5es da administra\u00e7\u00e3o municipal de Itabirinha (portal da transpar\u00eancia), chamou a aten\u00e7\u00e3o dos cidad\u00e3os na noite do \u00faltimo s\u00e1bado dia 18 de setembro, quando divulgou a foto da atra\u00e7\u00e3o principal da Festa de ITABIRINHA, que acontecer\u00e1 no pr\u00f3ximo dia 23 de Outubro.<\/span><\/p>\n<p><span style=\"font-size: 14pt;\"> A sensa\u00e7\u00e3o do momento no Brasil, o cantor Z\u00c9 VAQUEIRO, \u00e9 quem estar\u00e1 presente, animando e agitando a festa com seu ritmo dan\u00e7ante. <\/span><\/p>\n<p><span style=\"font-size: 18pt;\"><strong>O Painel apresentou clipes do artista e v\u00e1rias de suas can\u00e7\u00f5es que fazem sucesso pelas r\u00e1dios e programas de TV pelo pa\u00eds. <\/strong><\/span><\/p>\n<p><span style=\"font-size: 14pt;\">O anuncio deixou todos euf\u00f3ricos, principalmente para os f\u00e3s deste artista que com certeza j\u00e1 est\u00e3o criando expectativas para este evento. <\/span><\/p>\n<p><span style=\"font-size: 14pt;\">O show acontecer\u00e1 dia 23 de Outubro, \u00e0s 20h30\u2019 no Centro de Eventos em Itabirinha. Uma realiza\u00e7\u00e3o da Prefeitura Municipal de Itabirinha.<\/span><\/p>\n<p><a href=\"http:\/\/www.portalmantena.com.br\/novo\/\"><img loading=\"lazy\" class=\"alignnone size-full wp-image-37331\" src=\"http:\/\/www.portalmantena.com.br\/novo\/wp-content\/uploads\/2018\/05\/faixaportalnoticias5.jpg\" alt=\"\" width=\"700\" height=\"40\" srcset=\"http:\/\/www.portalmantena.com.br\/novo\/wp-content\/uploads\/2018\/05\/faixaportalnoticias5.jpg 700w, http:\/\/www.portalmantena.com.br\/novo\/wp-content\/uploads\/2018\/05\/faixaportalnoticias5-300x17.jpg 300w, http:\/\/www.portalmantena.com.br\/novo\/wp-content\/uploads\/2018\/05\/faixaportalnoticias5-696x40.jpg 696w\" sizes=\"(max-width: 700px) 100vw, 700px\" \/><\/a><\/p>\n<p><span style=\"font-size: 10pt;\">ESPA\u00c7O EMPRESARIAL<\/span><a href=\"http:\/\/www.portalmantena.com.br\/novo\/wp-content\/uploads\/2018\/05\/higiclean.jpg\"><img loading=\"lazy\" class=\"alignnone size-full wp-image-66110\" src=\"http:\/\/www.portalmantena.com.br\/novo\/wp-content\/uploads\/2018\/05\/higiclean.jpg\" alt=\"\" width=\"700\" height=\"150\" srcset=\"http:\/\/www.portalmantena.com.br\/novo\/wp-content\/uploads\/2018\/05\/higiclean.jpg 700w, http:\/\/www.portalmantena.com.br\/novo\/wp-content\/uploads\/2018\/05\/higiclean-300x64.jpg 300w, http:\/\/www.portalmantena.com.br\/novo\/wp-content\/uploads\/2018\/05\/higiclean-696x150.jpg 696w\" sizes=\"(max-width: 700px) 100vw, 700px\" \/><\/a><\/p>\n","protected":false},"excerpt":{"rendered":"<p>Uma novidade na cidade de Itabirinha, o painel de LED da Interm\u00eddia que divulga as a\u00e7\u00f5es da administra\u00e7\u00e3o municipal de Itabirinha (portal da transpar\u00eancia), chamou a aten\u00e7\u00e3o dos cidad\u00e3os na noite do \u00faltimo s\u00e1bado dia 18 de setembro, quando divulgou a foto da atra\u00e7\u00e3o principal da Festa de ITABIRINHA, que acontecer\u00e1 no pr\u00f3ximo dia 23 [&hellip;]<\/p>\n","protected":false},"author":1,"featured_media":67821,"comment_status":"open","ping_status":"open","sticky":false,"template":"","format":"standard","meta":[],"categories":[60,11],"tags":[],"_links":{"self":[{"href":"http:\/\/www.portalmantena.com.br\/novo\/index.php?rest_route=\/wp\/v2\/posts\/67820"}],"collection":[{"href":"http:\/\/www.portalmantena.com.br\/novo\/index.php?rest_route=\/wp\/v2\/posts"}],"about":[{"href":"http:\/\/www.portalmantena.com.br\/novo\/index.php?rest_route=\/wp\/v2\/types\/post"}],"author":[{"embeddable":true,"href":"http:\/\/www.portalmantena.com.br\/novo\/index.php?rest_route=\/wp\/v2\/users\/1"}],"replies":[{"embeddable":true,"href":"http:\/\/www.portalmantena.com.br\/novo\/index.php?rest_route=%2Fwp%2Fv2%2Fcomments&post=67820"}],"version-history":[{"count":4,"href":"http:\/\/www.portalmantena.com.br\/novo\/index.php?rest_route=\/wp\/v2\/posts\/67820\/revisions"}],"predecessor-version":[{"id":67825,"href":"http:\/\/www.portalmantena.com.br\/novo\/index.php?rest_route=\/wp\/v2\/posts\/67820\/revisions\/67825"}],"wp:featuredmedia":[{"embeddable":true,"href":"http:\/\/www.portalmantena.com.br\/novo\/index.php?rest_route=\/wp\/v2\/media\/67821"}],"wp:attachment":[{"href":"http:\/\/www.portalmantena.com.br\/novo\/index.php?rest_route=%2Fwp%2Fv2%2Fmedia&parent=67820"}],"wp:term":[{"taxonomy":"category","embeddable":true,"href":"http:\/\/www.portalmantena.com.br\/novo\/index.php?rest_route=%2Fwp%2Fv2%2Fcategories&post=67820"},{"taxonomy":"post_tag","embeddable":true,"href":"http:\/\/www.portalmantena.com.br\/novo\/index.php?rest_route=%2Fwp%2Fv2%2Ftags&post=67820"}],"curies":[{"name":"wp","href":"https:\/\/api.w.org\/{rel}","templated":true}]}}