{"id":67817,"date":"2021-09-21T09:04:02","date_gmt":"2021-09-21T12:04:02","guid":{"rendered":"http:\/\/www.portalmantena.com.br\/novo\/?p=67817"},"modified":"2021-09-21T09:06:54","modified_gmt":"2021-09-21T12:06:54","slug":"mantena-segue-vacinando-adolescentes-e-3a-dose-em-idosos","status":"publish","type":"post","link":"http:\/\/www.portalmantena.com.br\/novo\/?p=67817","title":{"rendered":"Mantena segue vacinando adolescentes e 3\u00aa dose em idosos"},"content":{"rendered":"<p><a href=\"http:\/\/www.portalmantena.com.br\/novo\/wp-content\/uploads\/2021\/09\/no210921vacina.jpg\"><img loading=\"lazy\" class=\"alignnone size-full wp-image-67818\" src=\"http:\/\/www.portalmantena.com.br\/novo\/wp-content\/uploads\/2021\/09\/no210921vacina.jpg\" alt=\"\" width=\"700\" height=\"450\" srcset=\"http:\/\/www.portalmantena.com.br\/novo\/wp-content\/uploads\/2021\/09\/no210921vacina.jpg 700w, http:\/\/www.portalmantena.com.br\/novo\/wp-content\/uploads\/2021\/09\/no210921vacina-300x193.jpg 300w, http:\/\/www.portalmantena.com.br\/novo\/wp-content\/uploads\/2021\/09\/no210921vacina-696x447.jpg 696w, http:\/\/www.portalmantena.com.br\/novo\/wp-content\/uploads\/2021\/09\/no210921vacina-653x420.jpg 653w\" sizes=\"(max-width: 700px) 100vw, 700px\" \/><\/a><\/p>\n<p><span style=\"font-size: 14pt;\">Mantena segue as etapas de vacina\u00e7\u00e3o contra covid 19, e nesta ter\u00e7a-feira dia 21 de Setembro, no interior da quadra da escola Municipal Ant\u00f4nio Carlos, no centro da cidade, a Campanha continua. <\/span><\/p>\n<p><span style=\"font-size: 14pt;\">A partir das 8 horas da manh\u00e3 com encerramento previsto para as 13 horas ser\u00e3o vacinados os Adolescentes a partir de 12 anos de idade; idosos acima de 70 anos com dose de refor\u00e7o (que j\u00e1 tenham 6 meses da 2\u00aa dose) e ainda a 2\u00aa dose para quem j\u00e1 est\u00e1 na data agendada no cart\u00e3o de vacina.<\/span><\/p>\n<p><a href=\"http:\/\/www.portalmantena.com.br\/novo\/\"><img loading=\"lazy\" class=\"alignnone size-full wp-image-37331\" src=\"http:\/\/www.portalmantena.com.br\/novo\/wp-content\/uploads\/2018\/05\/faixaportalnoticias5.jpg\" alt=\"\" width=\"700\" height=\"40\" srcset=\"http:\/\/www.portalmantena.com.br\/novo\/wp-content\/uploads\/2018\/05\/faixaportalnoticias5.jpg 700w, http:\/\/www.portalmantena.com.br\/novo\/wp-content\/uploads\/2018\/05\/faixaportalnoticias5-300x17.jpg 300w, http:\/\/www.portalmantena.com.br\/novo\/wp-content\/uploads\/2018\/05\/faixaportalnoticias5-696x40.jpg 696w\" sizes=\"(max-width: 700px) 100vw, 700px\" \/><\/a><\/p>\n<p><span style=\"font-size: 10pt;\">ESPA\u00c7O EMPRESARIA<\/span><a href=\"https:\/\/www.facebook.com\/realcecosmeticosmantena\"><img loading=\"lazy\" class=\"alignnone size-full wp-image-64138\" src=\"http:\/\/www.portalmantena.com.br\/novo\/wp-content\/uploads\/2018\/05\/realcebanner.jpg\" alt=\"\" width=\"700\" height=\"150\" srcset=\"http:\/\/www.portalmantena.com.br\/novo\/wp-content\/uploads\/2018\/05\/realcebanner.jpg 700w, http:\/\/www.portalmantena.com.br\/novo\/wp-content\/uploads\/2018\/05\/realcebanner-300x64.jpg 300w, http:\/\/www.portalmantena.com.br\/novo\/wp-content\/uploads\/2018\/05\/realcebanner-696x150.jpg 696w\" sizes=\"(max-width: 700px) 100vw, 700px\" \/><\/a><\/p>\n","protected":false},"excerpt":{"rendered":"<p>Mantena segue as etapas de vacina\u00e7\u00e3o contra covid 19, e nesta ter\u00e7a-feira dia 21 de Setembro, no interior da quadra da escola Municipal Ant\u00f4nio Carlos, no centro da cidade, a Campanha continua. A partir das 8 horas da manh\u00e3 com encerramento previsto para as 13 horas ser\u00e3o vacinados os Adolescentes a partir de 12 anos [&hellip;]<\/p>\n","protected":false},"author":1,"featured_media":67818,"comment_status":"open","ping_status":"open","sticky":false,"template":"","format":"standard","meta":[],"categories":[12],"tags":[],"_links":{"self":[{"href":"http:\/\/www.portalmantena.com.br\/novo\/index.php?rest_route=\/wp\/v2\/posts\/67817"}],"collection":[{"href":"http:\/\/www.portalmantena.com.br\/novo\/index.php?rest_route=\/wp\/v2\/posts"}],"about":[{"href":"http:\/\/www.portalmantena.com.br\/novo\/index.php?rest_route=\/wp\/v2\/types\/post"}],"author":[{"embeddable":true,"href":"http:\/\/www.portalmantena.com.br\/novo\/index.php?rest_route=\/wp\/v2\/users\/1"}],"replies":[{"embeddable":true,"href":"http:\/\/www.portalmantena.com.br\/novo\/index.php?rest_route=%2Fwp%2Fv2%2Fcomments&post=67817"}],"version-history":[{"count":1,"href":"http:\/\/www.portalmantena.com.br\/novo\/index.php?rest_route=\/wp\/v2\/posts\/67817\/revisions"}],"predecessor-version":[{"id":67819,"href":"http:\/\/www.portalmantena.com.br\/novo\/index.php?rest_route=\/wp\/v2\/posts\/67817\/revisions\/67819"}],"wp:featuredmedia":[{"embeddable":true,"href":"http:\/\/www.portalmantena.com.br\/novo\/index.php?rest_route=\/wp\/v2\/media\/67818"}],"wp:attachment":[{"href":"http:\/\/www.portalmantena.com.br\/novo\/index.php?rest_route=%2Fwp%2Fv2%2Fmedia&parent=67817"}],"wp:term":[{"taxonomy":"category","embeddable":true,"href":"http:\/\/www.portalmantena.com.br\/novo\/index.php?rest_route=%2Fwp%2Fv2%2Fcategories&post=67817"},{"taxonomy":"post_tag","embeddable":true,"href":"http:\/\/www.portalmantena.com.br\/novo\/index.php?rest_route=%2Fwp%2Fv2%2Ftags&post=67817"}],"curies":[{"name":"wp","href":"https:\/\/api.w.org\/{rel}","templated":true}]}}